{"id":92186,"date":"2021-05-08T11:04:05","date_gmt":"2021-05-08T14:04:05","guid":{"rendered":"https:\/\/eldiariodesanpedro.com.ar\/sitio\/?p=92186"},"modified":"2021-05-08T11:04:10","modified_gmt":"2021-05-08T14:04:10","slug":"la-tarjeta-alimentar-alcanzara-a-chicos-de-hasta-14-anos","status":"publish","type":"post","link":"https:\/\/eldiariodesanpedro.com.ar\/sitio\/la-tarjeta-alimentar-alcanzara-a-chicos-de-hasta-14-anos\/","title":{"rendered":"La Tarjeta Alimentar alcanzar\u00e1 a chicos de hasta 14 a\u00f1os"},"content":{"rendered":"<!-- VideographyWP Plugin Message: Automatic video embedding prevented by plugin options. -->\n\n<p>El presidente Alberto Fern\u00e1ndez anunci\u00f3 este viernes la casi duplicaci\u00f3n del universo de la poblaci\u00f3n alcanzado por la Tarjeta Alimentar. Con el prop\u00f3sito de combatir la pobreza, profundizada en el \u00faltimo a\u00f1o por la pandemia de coronavirus Covid-19, el Presidente anunci\u00f3 que ahora podr\u00e1n recibir la Tarjeta Alimentar las madres con hijos de hasta 14 a\u00f1os.<\/p>\n\n\n\n<p>De esta manera pasar\u00e1 de 1,9 millones a 3,7 millones la cantidad de ni\u00f1os y ni\u00f1as en el pa\u00eds alcanzados por este programa que busca garantizar que en la mesa de todos los argentinos no falte un plato de comida.<\/p>\n\n\n\n<p>Hasta ahora s\u00f3lo acced\u00edan a esta ayuda las madres de ni\u00f1os de hasta 6 a\u00f1os. Con esta ampliaci\u00f3n se pasar\u00e1 de 1,5 millones de familias beneficiarias a 2,5 millones.<\/p>\n\n\n\n<p>El mandatario detall\u00f3 que esta iniciativa implica una inversi\u00f3n por parte del Estado de 30 mil millones de pesos por mes, el triple de los 10 mil millones invertidos hasta ahora cada mes cuando estaban alcanzados s\u00f3lo chicos de hasta 6 a\u00f1os.<\/p>\n\n\n\n<p>La Tarjeta Alimentar tendr\u00e1 un monto mensual que se podr\u00e1 utilizar en alimentos en cualquier supermercado de 6 mil pesos para las madres con un hijo de hasta 14 a\u00f1os; subir\u00e1 a los 9 mil pesos en el caso de las madres con dos hijos y llegar\u00e1 a los 12 mil pesos para aquellos casos en los que hayas 3 o m\u00e1s chicos de menos de 14 a\u00f1os.<\/p>\n\n\n\n<p>Fern\u00e1ndez llam\u00f3 adem\u00e1s a las empresas del rubro de alimentos a \u00abponer el hombro\u00bb porque, dijo, \u00abno sirve de nada que sigamos poniendole plata en el bolsillo de los argentinos si despu\u00e9s suben los precios de los alimentos\u00bb.<\/p>\n","protected":false},"excerpt":{"rendered":"<p>El presidente Alberto Fern\u00e1ndez anunci\u00f3 este viernes la casi duplicaci\u00f3n del universo de la poblaci\u00f3n alcanzado por la Tarjeta Alimentar. Con el prop\u00f3sito de combatir la pobreza, profundizada en el \u00faltimo a\u00f1o por la pandemia de coronavirus Covid-19, el Presidente anunci\u00f3 que ahora podr\u00e1n recibir la Tarjeta Alimentar las madres con hijos de hasta 14 [&hellip;]<\/p>\n","protected":false},"author":4,"featured_media":92187,"comment_status":"open","ping_status":"closed","sticky":false,"template":"","format":"standard","meta":{"om_disable_all_campaigns":false,"_jetpack_memberships_contains_paid_content":false,"footnotes":""},"categories":[621],"tags":[],"class_list":["post-92186","post","type-post","status-publish","format-standard","has-post-thumbnail","hentry","category-regionales"],"aioseo_notices":[],"gutentor_comment":0,"jetpack_featured_media_url":"https:\/\/eldiariodesanpedro.com.ar\/sitio\/wp-content\/uploads\/2021\/05\/Alimentar.jpg","jetpack_shortlink":"https:\/\/wp.me\/p6RhLt-nYS","jetpack_sharing_enabled":true,"_links":{"self":[{"href":"https:\/\/eldiariodesanpedro.com.ar\/sitio\/wp-json\/wp\/v2\/posts\/92186","targetHints":{"allow":["GET"]}}],"collection":[{"href":"https:\/\/eldiariodesanpedro.com.ar\/sitio\/wp-json\/wp\/v2\/posts"}],"about":[{"href":"https:\/\/eldiariodesanpedro.com.ar\/sitio\/wp-json\/wp\/v2\/types\/post"}],"author":[{"embeddable":true,"href":"https:\/\/eldiariodesanpedro.com.ar\/sitio\/wp-json\/wp\/v2\/users\/4"}],"replies":[{"embeddable":true,"href":"https:\/\/eldiariodesanpedro.com.ar\/sitio\/wp-json\/wp\/v2\/comments?post=92186"}],"version-history":[{"count":1,"href":"https:\/\/eldiariodesanpedro.com.ar\/sitio\/wp-json\/wp\/v2\/posts\/92186\/revisions"}],"predecessor-version":[{"id":92188,"href":"https:\/\/eldiariodesanpedro.com.ar\/sitio\/wp-json\/wp\/v2\/posts\/92186\/revisions\/92188"}],"wp:featuredmedia":[{"embeddable":true,"href":"https:\/\/eldiariodesanpedro.com.ar\/sitio\/wp-json\/wp\/v2\/media\/92187"}],"wp:attachment":[{"href":"https:\/\/eldiariodesanpedro.com.ar\/sitio\/wp-json\/wp\/v2\/media?parent=92186"}],"wp:term":[{"taxonomy":"category","embeddable":true,"href":"https:\/\/eldiariodesanpedro.com.ar\/sitio\/wp-json\/wp\/v2\/categories?post=92186"},{"taxonomy":"post_tag","embeddable":true,"href":"https:\/\/eldiariodesanpedro.com.ar\/sitio\/wp-json\/wp\/v2\/tags?post=92186"}],"curies":[{"name":"wp","href":"https:\/\/api.w.org\/{rel}","templated":true}]}}