{"id":92179,"date":"2021-05-07T23:37:01","date_gmt":"2021-05-08T02:37:01","guid":{"rendered":"https:\/\/eldiariodesanpedro.com.ar\/sitio\/?p=92179"},"modified":"2021-05-08T09:49:39","modified_gmt":"2021-05-08T12:49:39","slug":"una-motocicleta-que-circulaba-contramano-huyendo-de-un-robo-choco-un-patrullero","status":"publish","type":"post","link":"https:\/\/eldiariodesanpedro.com.ar\/sitio\/una-motocicleta-que-circulaba-contramano-huyendo-de-un-robo-choco-un-patrullero\/","title":{"rendered":"Una motocicleta que circulaba contramano huyendo de un robo choco un patrullero"},"content":{"rendered":"<!-- VideographyWP Plugin Message: Automatic video embedding prevented by plugin options. -->\n\n<p>En la noche de hoy ocurri\u00f3 un grave accidente de tr\u00e1nsito donde dos delincuentes resultaron con heridos leves.<\/p>\n\n\n\n<p>El siniestro ocurri\u00f3 alrededor de las 23 hs en cercan\u00edas de la rotonda del acceso a San Pedro en calle Mitre a pocos metros de la 1001.<\/p>\n\n\n\n<p>Se vieron involucrados una motocicleta 110 cc en la que circulaban dos j\u00f3venes que colisiaron contra un patrullero.<\/p>\n\n\n\n<p>Seg\u00fan se pudo establecer la moto circulaba contramano e impacto contra el m\u00f3vil policial que iba en direcci\u00f3n a ruta 191, los malvivientas 16 y 20 a\u00f1os ven\u00edan huyendo tras haber realizado un arrebato a una mujer en calle Laprida y Uruguay.<\/p>\n\n\n\n<p>Se hizo presente una ambulancia del SAME pero traslado a uno de los heridos, el otro se dio a la fuga pero minutos despu\u00e9s fue interceptado y xaouradado a pocos metros, quedando ambos internados en observaci\u00f3n en el hospital local.\u00f1 para luego ser detenidos. <\/p>\n\n\n\n<p>Por su parte los efectivos resultaron ilesos. <\/p>\n","protected":false},"excerpt":{"rendered":"<p>En la noche de hoy ocurri\u00f3 un grave accidente de tr\u00e1nsito donde dos delincuentes resultaron con heridos leves. El siniestro ocurri\u00f3 alrededor de las 23 hs en cercan\u00edas de la rotonda del acceso a San Pedro en calle Mitre a pocos metros de la 1001. Se vieron involucrados una motocicleta 110 cc en la que [&hellip;]<\/p>\n","protected":false},"author":4,"featured_media":92180,"comment_status":"open","ping_status":"closed","sticky":false,"template":"","format":"standard","meta":{"om_disable_all_campaigns":false,"_jetpack_memberships_contains_paid_content":false,"footnotes":""},"categories":[50,2,103],"tags":[],"class_list":["post-92179","post","type-post","status-publish","format-standard","has-post-thumbnail","hentry","category-destacadas","category-locales","category-policiales-locales"],"aioseo_notices":[],"gutentor_comment":0,"jetpack_featured_media_url":"https:\/\/eldiariodesanpedro.com.ar\/sitio\/wp-content\/uploads\/2021\/05\/IMG-20210507-WA0052.jpg","jetpack_shortlink":"https:\/\/wp.me\/p6RhLt-nYL","jetpack_sharing_enabled":true,"_links":{"self":[{"href":"https:\/\/eldiariodesanpedro.com.ar\/sitio\/wp-json\/wp\/v2\/posts\/92179","targetHints":{"allow":["GET"]}}],"collection":[{"href":"https:\/\/eldiariodesanpedro.com.ar\/sitio\/wp-json\/wp\/v2\/posts"}],"about":[{"href":"https:\/\/eldiariodesanpedro.com.ar\/sitio\/wp-json\/wp\/v2\/types\/post"}],"author":[{"embeddable":true,"href":"https:\/\/eldiariodesanpedro.com.ar\/sitio\/wp-json\/wp\/v2\/users\/4"}],"replies":[{"embeddable":true,"href":"https:\/\/eldiariodesanpedro.com.ar\/sitio\/wp-json\/wp\/v2\/comments?post=92179"}],"version-history":[{"count":3,"href":"https:\/\/eldiariodesanpedro.com.ar\/sitio\/wp-json\/wp\/v2\/posts\/92179\/revisions"}],"predecessor-version":[{"id":92185,"href":"https:\/\/eldiariodesanpedro.com.ar\/sitio\/wp-json\/wp\/v2\/posts\/92179\/revisions\/92185"}],"wp:featuredmedia":[{"embeddable":true,"href":"https:\/\/eldiariodesanpedro.com.ar\/sitio\/wp-json\/wp\/v2\/media\/92180"}],"wp:attachment":[{"href":"https:\/\/eldiariodesanpedro.com.ar\/sitio\/wp-json\/wp\/v2\/media?parent=92179"}],"wp:term":[{"taxonomy":"category","embeddable":true,"href":"https:\/\/eldiariodesanpedro.com.ar\/sitio\/wp-json\/wp\/v2\/categories?post=92179"},{"taxonomy":"post_tag","embeddable":true,"href":"https:\/\/eldiariodesanpedro.com.ar\/sitio\/wp-json\/wp\/v2\/tags?post=92179"}],"curies":[{"name":"wp","href":"https:\/\/api.w.org\/{rel}","templated":true}]}}