{"id":92170,"date":"2021-05-07T18:44:05","date_gmt":"2021-05-07T21:44:05","guid":{"rendered":"https:\/\/eldiariodesanpedro.com.ar\/sitio\/?p=92170"},"modified":"2021-05-07T18:44:10","modified_gmt":"2021-05-07T21:44:10","slug":"san-nicolas-choque-de-camiones-con-consecuencia-fatales","status":"publish","type":"post","link":"https:\/\/eldiariodesanpedro.com.ar\/sitio\/san-nicolas-choque-de-camiones-con-consecuencia-fatales\/","title":{"rendered":"SAN NICOL\u00c1S | Choque de camiones con consecuencia fatales"},"content":{"rendered":"<!-- VideographyWP Plugin Message: Automatic video embedding prevented by plugin options. -->\n\n<p>Esta madrugada se produjo una colisi\u00f3n de camiones sobre la Ruta 9, kil\u00f3metro 147, sentido Buenos Aires, a la altura de de Baradero. Los veh\u00edculos que iban a la par terminaron enganch\u00e1ndose y uno de los conductores perdi\u00f3 la vida como consecuencia del impacto final.<\/p>\n\n\n\n<p>La v\u00edctima fatal, fue identificada como Emiliano Goitea de 33 a\u00f1os oriundo de Lomas de Zamora.En tanto que el otro conductor, identificado como Jorge Emanuel Acosta de 24 a\u00f1os, oriundo de Misiones, sufri\u00f3 lesiones y est\u00e1 fuera de peligro.<\/p>\n\n\n\n<p>Fuente: <a href=\"https:\/\/diarioelnorte.com.ar\/nota?id_noticia=8261\">Diario El Norte<\/a><\/p>\n","protected":false},"excerpt":{"rendered":"<p>Esta madrugada se produjo una colisi\u00f3n de camiones sobre la Ruta 9, kil\u00f3metro 147, sentido Buenos Aires, a la altura de de Baradero. Los veh\u00edculos que iban a la par terminaron enganch\u00e1ndose y uno de los conductores perdi\u00f3 la vida como consecuencia del impacto final. La v\u00edctima fatal, fue identificada como Emiliano Goitea de 33 [&hellip;]<\/p>\n","protected":false},"author":4,"featured_media":92171,"comment_status":"open","ping_status":"closed","sticky":false,"template":"","format":"standard","meta":{"om_disable_all_campaigns":false,"_jetpack_memberships_contains_paid_content":false,"footnotes":""},"categories":[621],"tags":[],"class_list":["post-92170","post","type-post","status-publish","format-standard","has-post-thumbnail","hentry","category-regionales"],"aioseo_notices":[],"gutentor_comment":0,"jetpack_featured_media_url":"https:\/\/eldiariodesanpedro.com.ar\/sitio\/wp-content\/uploads\/2021\/05\/0.jpg","jetpack_shortlink":"https:\/\/wp.me\/p6RhLt-nYC","jetpack_sharing_enabled":true,"_links":{"self":[{"href":"https:\/\/eldiariodesanpedro.com.ar\/sitio\/wp-json\/wp\/v2\/posts\/92170","targetHints":{"allow":["GET"]}}],"collection":[{"href":"https:\/\/eldiariodesanpedro.com.ar\/sitio\/wp-json\/wp\/v2\/posts"}],"about":[{"href":"https:\/\/eldiariodesanpedro.com.ar\/sitio\/wp-json\/wp\/v2\/types\/post"}],"author":[{"embeddable":true,"href":"https:\/\/eldiariodesanpedro.com.ar\/sitio\/wp-json\/wp\/v2\/users\/4"}],"replies":[{"embeddable":true,"href":"https:\/\/eldiariodesanpedro.com.ar\/sitio\/wp-json\/wp\/v2\/comments?post=92170"}],"version-history":[{"count":1,"href":"https:\/\/eldiariodesanpedro.com.ar\/sitio\/wp-json\/wp\/v2\/posts\/92170\/revisions"}],"predecessor-version":[{"id":92172,"href":"https:\/\/eldiariodesanpedro.com.ar\/sitio\/wp-json\/wp\/v2\/posts\/92170\/revisions\/92172"}],"wp:featuredmedia":[{"embeddable":true,"href":"https:\/\/eldiariodesanpedro.com.ar\/sitio\/wp-json\/wp\/v2\/media\/92171"}],"wp:attachment":[{"href":"https:\/\/eldiariodesanpedro.com.ar\/sitio\/wp-json\/wp\/v2\/media?parent=92170"}],"wp:term":[{"taxonomy":"category","embeddable":true,"href":"https:\/\/eldiariodesanpedro.com.ar\/sitio\/wp-json\/wp\/v2\/categories?post=92170"},{"taxonomy":"post_tag","embeddable":true,"href":"https:\/\/eldiariodesanpedro.com.ar\/sitio\/wp-json\/wp\/v2\/tags?post=92170"}],"curies":[{"name":"wp","href":"https:\/\/api.w.org\/{rel}","templated":true}]}}