{"id":92167,"date":"2021-05-07T18:30:45","date_gmt":"2021-05-07T21:30:45","guid":{"rendered":"https:\/\/eldiariodesanpedro.com.ar\/sitio\/?p=92167"},"modified":"2021-05-07T18:30:55","modified_gmt":"2021-05-07T21:30:55","slug":"campana-violo-la-perimetral-y-acabo-hiriendo-a-su-cunado-con-un-machete","status":"publish","type":"post","link":"https:\/\/eldiariodesanpedro.com.ar\/sitio\/campana-violo-la-perimetral-y-acabo-hiriendo-a-su-cunado-con-un-machete\/","title":{"rendered":"CAMPANA | Viol\u00f3 la perimetral y acab\u00f3 hiriendo a su cu\u00f1ado con un machete"},"content":{"rendered":"<!-- VideographyWP Plugin Message: Automatic video embedding prevented by plugin options. -->\n\n<p>El joven de 25 a\u00f1os pose\u00eda una prohibici\u00f3n de acercamiento para con su expareja, residente en la calle Namuncur\u00e1. En medio del enfrentamiento, lesion\u00f3 al hermano de \u00e9sta con el arma cortante. Acab\u00f3 detenido por personal de Comando Patrulla.<\/p>\n\n\n\n<p>A ra\u00edz de un llamado al 911 en la jornada de ayer, efectivos de Comando Patrulla se hicieron presentes en un domicilio ubicado sobre la calle Namuncur\u00e1 al 850, en donde detuvieron a un masculino de 25 a\u00f1os de edad que hab\u00eda protagonizado un episodio violento minutos antes.<\/p>\n\n\n\n<p>Seg\u00fan la informaci\u00f3n trascendida, el joven pose\u00eda una prohibici\u00f3n de acercamiento requerida por su expareja, pero ingres\u00f3 a la vivienda de todas formas. Producto de esta contravenci\u00f3n se dio un conflicto entre el y su cu\u00f1ado, que acab\u00f3 en una pelea y varias lesiones.<\/p>\n\n\n\n<p>Como si esto fuera poco, el delincuente portaba consigo un machete, raz\u00f3n por la cual acab\u00f3 provocando una herida cortante a su contrincante.<\/p>\n\n\n\n<p>El malhechor fue entonces aprehendido por personal policial y puesto a disposici\u00f3n del Poder Judicial. El siniestro fue caratulado como \u201cDesobediencia y Lesiones\u201d, e interviene en la causa correspondiente la Unidad Funcional de Instrucci\u00f3n y Juicio N\u00b03 de Campana.<\/p>\n\n\n\n<p>Fuente: <a href=\"https:\/\/www.campananoticias.com\/noticia\/67306\/viol-la-perimetral-y-acab-hiriendo-a-su-cuado-con-un-machete\">Campana Noticias<\/a><\/p>\n","protected":false},"excerpt":{"rendered":"<p>El joven de 25 a\u00f1os pose\u00eda una prohibici\u00f3n de acercamiento para con su expareja, residente en la calle Namuncur\u00e1. En medio del enfrentamiento, lesion\u00f3 al hermano de \u00e9sta con el arma cortante. Acab\u00f3 detenido por personal de Comando Patrulla. A ra\u00edz de un llamado al 911 en la jornada de ayer, efectivos de Comando Patrulla [&hellip;]<\/p>\n","protected":false},"author":4,"featured_media":92168,"comment_status":"open","ping_status":"closed","sticky":false,"template":"","format":"standard","meta":{"om_disable_all_campaigns":false,"_jetpack_memberships_contains_paid_content":false,"footnotes":""},"categories":[621],"tags":[],"class_list":["post-92167","post","type-post","status-publish","format-standard","has-post-thumbnail","hentry","category-regionales"],"aioseo_notices":[],"gutentor_comment":0,"jetpack_featured_media_url":"https:\/\/eldiariodesanpedro.com.ar\/sitio\/wp-content\/uploads\/2021\/05\/20210507030919.jpeg","jetpack_shortlink":"https:\/\/wp.me\/p6RhLt-nYz","jetpack_sharing_enabled":true,"_links":{"self":[{"href":"https:\/\/eldiariodesanpedro.com.ar\/sitio\/wp-json\/wp\/v2\/posts\/92167","targetHints":{"allow":["GET"]}}],"collection":[{"href":"https:\/\/eldiariodesanpedro.com.ar\/sitio\/wp-json\/wp\/v2\/posts"}],"about":[{"href":"https:\/\/eldiariodesanpedro.com.ar\/sitio\/wp-json\/wp\/v2\/types\/post"}],"author":[{"embeddable":true,"href":"https:\/\/eldiariodesanpedro.com.ar\/sitio\/wp-json\/wp\/v2\/users\/4"}],"replies":[{"embeddable":true,"href":"https:\/\/eldiariodesanpedro.com.ar\/sitio\/wp-json\/wp\/v2\/comments?post=92167"}],"version-history":[{"count":1,"href":"https:\/\/eldiariodesanpedro.com.ar\/sitio\/wp-json\/wp\/v2\/posts\/92167\/revisions"}],"predecessor-version":[{"id":92169,"href":"https:\/\/eldiariodesanpedro.com.ar\/sitio\/wp-json\/wp\/v2\/posts\/92167\/revisions\/92169"}],"wp:featuredmedia":[{"embeddable":true,"href":"https:\/\/eldiariodesanpedro.com.ar\/sitio\/wp-json\/wp\/v2\/media\/92168"}],"wp:attachment":[{"href":"https:\/\/eldiariodesanpedro.com.ar\/sitio\/wp-json\/wp\/v2\/media?parent=92167"}],"wp:term":[{"taxonomy":"category","embeddable":true,"href":"https:\/\/eldiariodesanpedro.com.ar\/sitio\/wp-json\/wp\/v2\/categories?post=92167"},{"taxonomy":"post_tag","embeddable":true,"href":"https:\/\/eldiariodesanpedro.com.ar\/sitio\/wp-json\/wp\/v2\/tags?post=92167"}],"curies":[{"name":"wp","href":"https:\/\/api.w.org\/{rel}","templated":true}]}}