{"id":92164,"date":"2021-05-07T18:22:11","date_gmt":"2021-05-07T21:22:11","guid":{"rendered":"https:\/\/eldiariodesanpedro.com.ar\/sitio\/?p=92164"},"modified":"2021-05-07T18:22:15","modified_gmt":"2021-05-07T21:22:15","slug":"zarate-desbaratan-una-organizacion-que-importaba-vehiculos-de-alta-gama-de-manera-irregular","status":"publish","type":"post","link":"https:\/\/eldiariodesanpedro.com.ar\/sitio\/zarate-desbaratan-una-organizacion-que-importaba-vehiculos-de-alta-gama-de-manera-irregular\/","title":{"rendered":"Z\u00c1RATE | Desbaratan una organizaci\u00f3n que importaba veh\u00edculos de alta gama de manera irregular"},"content":{"rendered":"<!-- VideographyWP Plugin Message: Automatic video embedding prevented by plugin options. -->\n\n<p><strong>En el marco del refuerzo en materia de investigaci\u00f3n criminal que lleva a cabo la gesti\u00f3n de Sabina Frederic, la Polic\u00eda Federal Argentina desarticul\u00f3 hoy a una banda que, vali\u00e9ndose de falsas mudanzas desde el exterior, se dedicaba a la importaci\u00f3n irregular de veh\u00edculos de alta gama. Tras siete allanamientos en las localidades de Luj\u00e1n y Z\u00e1rate, fueron identificados 11 personas, entre ellas un despachante de aduana y un escribano.<\/strong><\/p>\n\n\n\n<p>En el operativo ordenado por el Juzgado Federal de Primera Instancia de Campana, a cargo del Dr. Adri\u00e1n Charvay, personal del departamento Unidad Federal de Investigaci\u00f3n de Delitos Federales de la PFA inspeccion\u00f3, de forma simult\u00e1nea, seis domicilios en la ciudad de Luj\u00e1n -entre los que se encuentra una concesionaria de autom\u00f3viles-, y uno en la localidad de Z\u00e1rate. Como resultado del trabajo de la fuerza que conduce Juan Carlos Hern\u00e1ndez, se secuestraron dos motocicletas marca BMW, un autom\u00f3vil Porsche descapotable y un cami\u00f3n con cabina dormitorio Mercedes Benz. Los rodados incautados poseen un valor en mercado que oscila los 25 millones de pesos.<\/p>\n\n\n\n<p>El procedimiento se inici\u00f3 a partir de una presentaci\u00f3n realizada por la Direcci\u00f3n General de Aduanas (DGA), dependiente de la Administraci\u00f3n Federal de Ingresos P\u00fablicos (AFIP) en la que se identific\u00f3 a dos ciudadanos argentinos radicados en el exterior que, vali\u00e9ndose del r\u00e9gimen de mudanza, importaron rodados de alta gama a nuestro pa\u00eds. Los veh\u00edculos de alto valor hab\u00edan sido ingresados de acuerdo con el r\u00e9gimen que permite la repatriaci\u00f3n de los bienes de argentinos que vivieron en el exterior y regresan al pa\u00eds.<\/p>\n\n\n\n<p>Durante las tareas de verificaci\u00f3n, las y los funcionarios aduaneros pertenecientes a la Divisi\u00f3n Comprobaci\u00f3n de Destino detectaron irregularidades e inconsistencias en la maniobra descripta y, en consecuencia, efectuaron la correspondiente denuncia penal.<\/p>\n\n\n\n<p>En ese contexto, el Juzgado interventor orden\u00f3 realizar la pesquisa. A partir de ello, las y los trabajadores de la PFA iniciaron las investigaciones criminales, cuya complejidad implic\u00f3 el cruce de diferentes fuentes de informaci\u00f3n, y lograron corroborar las sospechas vertidas por el personal de Aduana. De esta manera, se comprob\u00f3 que las dos personas que se acog\u00edan a las resoluciones de DGA, espec\u00edficamente las concernientes al r\u00e9gimen de mudanza, carec\u00edan de residencia permanente en Argentina. Adem\u00e1s, los veh\u00edculos eran utilizados por terceras personas, contraviniendo lo normado por las resoluciones pertinentes. El trabajo de investigaci\u00f3n \u2013uno de los ejes que Frederic ha fortalecido como tarea primordial de la PFA- posibilit\u00f3, as\u00ed, descubrir el modus operandi y los alcances de la organizaci\u00f3n delictiva.<\/p>\n\n\n\n<p>En el operativo de hoy tambi\u00e9n se incautaron comprobantes de operaciones de compra venta, declaraciones juradas y facturas de compras de cada veh\u00edculo en Espa\u00f1a, fotocopias de pasaportes espa\u00f1oles y talonarios para facturaci\u00f3n, libros de Certificaci\u00f3n de Firmas, formularios espec\u00edficos para este tipo de operaciones, comprobantes y documentaci\u00f3n de la AFIP DGA firmadas por uno de los involucrados que, en principio, obran como probatorios del delito en cuesti\u00f3n.<\/p>\n\n\n\n<p>Fuente: Impacto local<\/p>\n","protected":false},"excerpt":{"rendered":"<p>En el marco del refuerzo en materia de investigaci\u00f3n criminal que lleva a cabo la gesti\u00f3n de Sabina Frederic, la Polic\u00eda Federal Argentina desarticul\u00f3 hoy a una banda que, vali\u00e9ndose de falsas mudanzas desde el exterior, se dedicaba a la importaci\u00f3n irregular de veh\u00edculos de alta gama. Tras siete allanamientos en las localidades de Luj\u00e1n [&hellip;]<\/p>\n","protected":false},"author":4,"featured_media":92165,"comment_status":"open","ping_status":"closed","sticky":false,"template":"","format":"standard","meta":{"om_disable_all_campaigns":false,"_jetpack_memberships_contains_paid_content":false,"footnotes":""},"categories":[621],"tags":[],"class_list":["post-92164","post","type-post","status-publish","format-standard","has-post-thumbnail","hentry","category-regionales"],"aioseo_notices":[],"gutentor_comment":0,"jetpack_featured_media_url":"https:\/\/eldiariodesanpedro.com.ar\/sitio\/wp-content\/uploads\/2021\/05\/Screenshot_20210506-225645_Chrome.jpg","jetpack_shortlink":"https:\/\/wp.me\/p6RhLt-nYw","jetpack_sharing_enabled":true,"_links":{"self":[{"href":"https:\/\/eldiariodesanpedro.com.ar\/sitio\/wp-json\/wp\/v2\/posts\/92164","targetHints":{"allow":["GET"]}}],"collection":[{"href":"https:\/\/eldiariodesanpedro.com.ar\/sitio\/wp-json\/wp\/v2\/posts"}],"about":[{"href":"https:\/\/eldiariodesanpedro.com.ar\/sitio\/wp-json\/wp\/v2\/types\/post"}],"author":[{"embeddable":true,"href":"https:\/\/eldiariodesanpedro.com.ar\/sitio\/wp-json\/wp\/v2\/users\/4"}],"replies":[{"embeddable":true,"href":"https:\/\/eldiariodesanpedro.com.ar\/sitio\/wp-json\/wp\/v2\/comments?post=92164"}],"version-history":[{"count":1,"href":"https:\/\/eldiariodesanpedro.com.ar\/sitio\/wp-json\/wp\/v2\/posts\/92164\/revisions"}],"predecessor-version":[{"id":92166,"href":"https:\/\/eldiariodesanpedro.com.ar\/sitio\/wp-json\/wp\/v2\/posts\/92164\/revisions\/92166"}],"wp:featuredmedia":[{"embeddable":true,"href":"https:\/\/eldiariodesanpedro.com.ar\/sitio\/wp-json\/wp\/v2\/media\/92165"}],"wp:attachment":[{"href":"https:\/\/eldiariodesanpedro.com.ar\/sitio\/wp-json\/wp\/v2\/media?parent=92164"}],"wp:term":[{"taxonomy":"category","embeddable":true,"href":"https:\/\/eldiariodesanpedro.com.ar\/sitio\/wp-json\/wp\/v2\/categories?post=92164"},{"taxonomy":"post_tag","embeddable":true,"href":"https:\/\/eldiariodesanpedro.com.ar\/sitio\/wp-json\/wp\/v2\/tags?post=92164"}],"curies":[{"name":"wp","href":"https:\/\/api.w.org\/{rel}","templated":true}]}}