{"id":92156,"date":"2021-05-07T17:45:37","date_gmt":"2021-05-07T20:45:37","guid":{"rendered":"https:\/\/eldiariodesanpedro.com.ar\/sitio\/?p=92156"},"modified":"2021-05-07T17:45:41","modified_gmt":"2021-05-07T20:45:41","slug":"la-semana-proxima-comienzan-los-trabajos-en-el-acceso-a-gobernador-castro","status":"publish","type":"post","link":"https:\/\/eldiariodesanpedro.com.ar\/sitio\/la-semana-proxima-comienzan-los-trabajos-en-el-acceso-a-gobernador-castro\/","title":{"rendered":"La semana pr\u00f3xima comienzan los trabajos en el Acceso a Gobernador Castro"},"content":{"rendered":"<!-- VideographyWP Plugin Message: Automatic video embedding prevented by plugin options. -->\n\n<p>Esta ma\u00f1ana el Secretario de Coordinaci\u00f3n Ram\u00f3n Salazar y el de Obras P\u00fablicas Javier Silva recorrieron el Acceso a Gobernador Castro para ultimar detalles log\u00edsticos previos al inicio de las obras de repavimentaci\u00f3n.<\/p>\n\n\n\n<p>Junto al Ingeniero Dante Faraci de la empresa adjudicataria, visitaron la zona en la que desde la pr\u00f3xima semana se inician los trabajos de medici\u00f3n y toma de niveles, junto al arribo de la maquinaria que permitir\u00e1 el inicio de los trabajos.<\/p>\n\n\n\n<p>La pavimentaci\u00f3n es financiada a trav\u00e9s de Vialidad Nacional tras las gestiones realizadas por el Intendente Salazar y despu\u00e9s de d\u00e9cadas se recuperar\u00e1 la v\u00eda principal de ingreso desde la Ruta 9 que se encuentra sumamente deteriorada desde hace tiempo.<\/p>\n","protected":false},"excerpt":{"rendered":"<p>Esta ma\u00f1ana el Secretario de Coordinaci\u00f3n Ram\u00f3n Salazar y el de Obras P\u00fablicas Javier Silva recorrieron el Acceso a Gobernador Castro para ultimar detalles log\u00edsticos previos al inicio de las obras de repavimentaci\u00f3n. Junto al Ingeniero Dante Faraci de la empresa adjudicataria, visitaron la zona en la que desde la pr\u00f3xima semana se inician los [&hellip;]<\/p>\n","protected":false},"author":4,"featured_media":92158,"comment_status":"open","ping_status":"closed","sticky":false,"template":"","format":"standard","meta":{"om_disable_all_campaigns":false,"_jetpack_memberships_contains_paid_content":false,"footnotes":""},"categories":[101,2],"tags":[],"class_list":["post-92156","post","type-post","status-publish","format-standard","has-post-thumbnail","hentry","category-interes-general-locales","category-locales"],"aioseo_notices":[],"gutentor_comment":0,"jetpack_featured_media_url":"https:\/\/eldiariodesanpedro.com.ar\/sitio\/wp-content\/uploads\/2021\/05\/WhatsApp-Image-2021-05-07-at-17.30.28.jpeg","jetpack_shortlink":"https:\/\/wp.me\/p6RhLt-nYo","jetpack_sharing_enabled":true,"_links":{"self":[{"href":"https:\/\/eldiariodesanpedro.com.ar\/sitio\/wp-json\/wp\/v2\/posts\/92156","targetHints":{"allow":["GET"]}}],"collection":[{"href":"https:\/\/eldiariodesanpedro.com.ar\/sitio\/wp-json\/wp\/v2\/posts"}],"about":[{"href":"https:\/\/eldiariodesanpedro.com.ar\/sitio\/wp-json\/wp\/v2\/types\/post"}],"author":[{"embeddable":true,"href":"https:\/\/eldiariodesanpedro.com.ar\/sitio\/wp-json\/wp\/v2\/users\/4"}],"replies":[{"embeddable":true,"href":"https:\/\/eldiariodesanpedro.com.ar\/sitio\/wp-json\/wp\/v2\/comments?post=92156"}],"version-history":[{"count":1,"href":"https:\/\/eldiariodesanpedro.com.ar\/sitio\/wp-json\/wp\/v2\/posts\/92156\/revisions"}],"predecessor-version":[{"id":92160,"href":"https:\/\/eldiariodesanpedro.com.ar\/sitio\/wp-json\/wp\/v2\/posts\/92156\/revisions\/92160"}],"wp:featuredmedia":[{"embeddable":true,"href":"https:\/\/eldiariodesanpedro.com.ar\/sitio\/wp-json\/wp\/v2\/media\/92158"}],"wp:attachment":[{"href":"https:\/\/eldiariodesanpedro.com.ar\/sitio\/wp-json\/wp\/v2\/media?parent=92156"}],"wp:term":[{"taxonomy":"category","embeddable":true,"href":"https:\/\/eldiariodesanpedro.com.ar\/sitio\/wp-json\/wp\/v2\/categories?post=92156"},{"taxonomy":"post_tag","embeddable":true,"href":"https:\/\/eldiariodesanpedro.com.ar\/sitio\/wp-json\/wp\/v2\/tags?post=92156"}],"curies":[{"name":"wp","href":"https:\/\/api.w.org\/{rel}","templated":true}]}}