{"id":92149,"date":"2021-05-07T12:20:27","date_gmt":"2021-05-07T15:20:27","guid":{"rendered":"https:\/\/eldiariodesanpedro.com.ar\/sitio\/?p=92149"},"modified":"2021-05-07T12:20:31","modified_gmt":"2021-05-07T15:20:31","slug":"ya-esta-disponible-el-padron-electoral-para-las-elecciones","status":"publish","type":"post","link":"https:\/\/eldiariodesanpedro.com.ar\/sitio\/ya-esta-disponible-el-padron-electoral-para-las-elecciones\/","title":{"rendered":"Ya est\u00e1 disponible el Padr\u00f3n Electoral para las elecciones"},"content":{"rendered":"<!-- VideographyWP Plugin Message: Automatic video embedding prevented by plugin options. -->\n\n<p>Si bien todav\u00eda faltan acuerdos para las fechas de las elecciones, el gobierno public\u00f3 el Padr\u00f3n Electoral. Hay tiempo hasta el 10 de mayo para reclamos.<\/p>\n\n\n\n<p>Desde este viernes 7<a href=\"https:\/\/www.padron.gob.ar\/\">\u00a0se puede verificar si aparec\u00e9s en el<strong>\u00a0Padr\u00f3n Electoral\u00a0<\/strong>para las pr\u00f3ximas<strong>\u00a0elecciones legislativas de este a\u00f1o<\/strong>.<\/a>\u00a0Todav\u00eda sin definiciones respecto a si se aplazar\u00e1n, las elecciones\u00a0<strong>Primarias, Abiertas, Simult\u00e1neas y Obligatorias (PASO)<\/strong>\u00a0est\u00e1n previstas para el pr\u00f3ximo\u00a0<strong>8 de agosto.<\/strong>\u00a0Por su parte, las\u00a0<strong>generales<\/strong>\u00a0se realizar\u00edan el domingo\u00a0<strong>24 de octubre.<\/strong><\/p>\n\n\n\n<p>Hasta ahora, el gobierno nacional busca adelantar ese tiempo calculando que para agosto, la segunda ola de coronavirus seguir\u00e1 golpeando al pa\u00eds. La posibilidad de extender el plazo, ayudar\u00eda a realizar las elecciones en un marco de menor riesgo.<\/p>\n\n\n\n<p>Si bien la oposici\u00f3n se hab\u00eda mantenido cr\u00edtica a esta postura, en las \u00faltimas semanas se tejieron puentes entre el oficialismo y la oposici\u00f3n, y todo indica que se podr\u00eda llegar a entablar un acuerdo para que, finalmente,&nbsp;<strong>las elecciones PASO y las generales se realicen m\u00e1s adelante.<\/strong><\/p>\n\n\n\n<p>Las fechas tentativas eran&nbsp;<strong>septiembre,&nbsp;<\/strong>para las Primarias y&nbsp;<strong>noviembre<\/strong>, para las generales.<\/p>\n\n\n\n<p>Un dato importante es que habr\u00e1 tiempo hasta el pr\u00f3ximo 21 de mayo para realizar consultas o hacer reclamos en el caso de que existan errores de los datos registrales, as\u00ed como para&nbsp;<strong>\u201csolicitar eliminaci\u00f3n de fallecidos\u201d.<\/strong><\/p>\n\n\n\n<p>A su vez, este mismo viernes 7, el ministro del Interior&nbsp;<strong>Eduardo \u201cWado\u201d de Pedro<\/strong>&nbsp;y el presidente de la C\u00e1mara de Diputados de la Naci\u00f3n,&nbsp;<strong>Sergio Massa,<\/strong>&nbsp;recibir\u00e1n a los presidentes de los diferentes partidos pol\u00edticos de la oposici\u00f3n con el objetivo de buscar alg\u00fan acuerdo final para postergar las elecciones.<\/p>\n\n\n\n<p>Fuente: I<a href=\"https:\/\/infocielo.com\/elecciones\/ya-esta-disponible-el-padron-electoral-las-elecciones-n711263\">nfoCielo<\/a><\/p>\n","protected":false},"excerpt":{"rendered":"<p>Si bien todav\u00eda faltan acuerdos para las fechas de las elecciones, el gobierno public\u00f3 el Padr\u00f3n Electoral. Hay tiempo hasta el 10 de mayo para reclamos. Desde este viernes 7\u00a0se puede verificar si aparec\u00e9s en el\u00a0Padr\u00f3n Electoral\u00a0para las pr\u00f3ximas\u00a0elecciones legislativas de este a\u00f1o.\u00a0Todav\u00eda sin definiciones respecto a si se aplazar\u00e1n, las elecciones\u00a0Primarias, Abiertas, Simult\u00e1neas y [&hellip;]<\/p>\n","protected":false},"author":4,"featured_media":92150,"comment_status":"open","ping_status":"closed","sticky":false,"template":"","format":"standard","meta":{"om_disable_all_campaigns":false,"_jetpack_memberships_contains_paid_content":false,"footnotes":""},"categories":[621],"tags":[],"class_list":["post-92149","post","type-post","status-publish","format-standard","has-post-thumbnail","hentry","category-regionales"],"aioseo_notices":[],"gutentor_comment":0,"jetpack_featured_media_url":"https:\/\/eldiariodesanpedro.com.ar\/sitio\/wp-content\/uploads\/2021\/05\/elecciones-ya-esta-disponible-el-padron-electoral-revisa-tus-datos.jpg","jetpack_shortlink":"https:\/\/wp.me\/p6RhLt-nYh","jetpack_sharing_enabled":true,"_links":{"self":[{"href":"https:\/\/eldiariodesanpedro.com.ar\/sitio\/wp-json\/wp\/v2\/posts\/92149","targetHints":{"allow":["GET"]}}],"collection":[{"href":"https:\/\/eldiariodesanpedro.com.ar\/sitio\/wp-json\/wp\/v2\/posts"}],"about":[{"href":"https:\/\/eldiariodesanpedro.com.ar\/sitio\/wp-json\/wp\/v2\/types\/post"}],"author":[{"embeddable":true,"href":"https:\/\/eldiariodesanpedro.com.ar\/sitio\/wp-json\/wp\/v2\/users\/4"}],"replies":[{"embeddable":true,"href":"https:\/\/eldiariodesanpedro.com.ar\/sitio\/wp-json\/wp\/v2\/comments?post=92149"}],"version-history":[{"count":1,"href":"https:\/\/eldiariodesanpedro.com.ar\/sitio\/wp-json\/wp\/v2\/posts\/92149\/revisions"}],"predecessor-version":[{"id":92151,"href":"https:\/\/eldiariodesanpedro.com.ar\/sitio\/wp-json\/wp\/v2\/posts\/92149\/revisions\/92151"}],"wp:featuredmedia":[{"embeddable":true,"href":"https:\/\/eldiariodesanpedro.com.ar\/sitio\/wp-json\/wp\/v2\/media\/92150"}],"wp:attachment":[{"href":"https:\/\/eldiariodesanpedro.com.ar\/sitio\/wp-json\/wp\/v2\/media?parent=92149"}],"wp:term":[{"taxonomy":"category","embeddable":true,"href":"https:\/\/eldiariodesanpedro.com.ar\/sitio\/wp-json\/wp\/v2\/categories?post=92149"},{"taxonomy":"post_tag","embeddable":true,"href":"https:\/\/eldiariodesanpedro.com.ar\/sitio\/wp-json\/wp\/v2\/tags?post=92149"}],"curies":[{"name":"wp","href":"https:\/\/api.w.org\/{rel}","templated":true}]}}