{"id":92144,"date":"2021-05-07T12:01:04","date_gmt":"2021-05-07T15:01:04","guid":{"rendered":"https:\/\/eldiariodesanpedro.com.ar\/sitio\/?p=92144"},"modified":"2021-05-07T12:01:09","modified_gmt":"2021-05-07T15:01:09","slug":"provincia-convoco-a-embarazadas-con-patologias-y-personas-con-hiv-a-darse-la-vacuna-contra-el-coronavirus","status":"publish","type":"post","link":"https:\/\/eldiariodesanpedro.com.ar\/sitio\/provincia-convoco-a-embarazadas-con-patologias-y-personas-con-hiv-a-darse-la-vacuna-contra-el-coronavirus\/","title":{"rendered":"Provincia convoc\u00f3 a embarazadas con patolog\u00edas y personas con HIV a darse la vacuna contra el coronavirus"},"content":{"rendered":"<!-- VideographyWP Plugin Message: Automatic video embedding prevented by plugin options. -->\n\n<p>El Ministerio de Salud de la provincia de Buenos Aires sum\u00f3 este jueves una lista de nuevos grupos de riesgo que tienen prioridad para darse la vacuna contra el coronavirus. La decisi\u00f3n se tom\u00f3 teniendo en cuenta las complicaciones que surgieron en pacientes menores de 60 a\u00f1os con enfermedades previas que contrajeron Covid-19.<\/p>\n\n\n\n<p>La Provincia promueve a partir de esta semana la inscripci\u00f3n de las mujeres embarazadas que tengan enfermedades preexistentes, a quienes est\u00e9n amamantando, a las personas con cirrosis, enfermedades con compromiso inmunol\u00f3gico como VIH y otras inmunodeficiencias, enfermedades oncohematol\u00f3gicas, trasplantados\/as o en lista de espera para trasplante y pacientes que toman medicaci\u00f3n inmunosupresora.<\/p>\n\n\n\n<p>Hasta la fecha se aplicaron 3.326.091 dosis de la vacuna contra el coronavirus en la provincia de Buenos Aires, entre personal de la salud, de seguridad y de educaci\u00f3n, y quienes tienen enfermedades cardiovasculares, enfermedad pulmonar cr\u00f3nica o renal cr\u00f3nica, diabetes y obesidad.<\/p>\n\n\n\n<p>\u00abEstos nuevos grupos poblaciones priorizados presentan m\u00e1s riesgo de sufrir cuadros graves que requieran internaci\u00f3n si contraen Covid-19\u00bb, precis\u00f3 el comunicado de la cartera que conduce Daniel Gollan.<\/p>\n\n\n\n<p>Los turnos pueden pedirse a trav\u00e9s del sitio de Vacunate PBA o en la aplicaci\u00f3n VacunatePBA, donde cada persona podr\u00e1 especificar qu\u00e9 enfermedad preexistente tiene con el objetivo de organizar el calendario.<\/p>\n\n\n\n<p>Tambi\u00e9n se recomend\u00f3 reempadronarse a quienes se hayan registrado para recibir la vacuna sin aclarar, por ejemplo, que cursan un embarazo o el per\u00edodo de lactancia teniendo comorbilidades.<\/p>\n\n\n\n<p>\u00abDurante esta segunda ola de la pandemia, la evidencia cient\u00edfica y los datos que manejamos en la Provincia de Buenos Aires a partir de la vigilancia activa est\u00e1 mostrando que las personas embarazadas y que amamantan que adem\u00e1s padecen alguna comorbilidad como diabetes, hipertensi\u00f3n arterial u obesidad por ejemplo, son m\u00e1s proclives a sufrir complicaciones y cuadros graves que requieren internaci\u00f3n asociadas al Covid-19\u00bb, explic\u00f3 la directora provincial de Equidad de G\u00e9nero en Salud, Sabrina Bala\u00f1a.<\/p>\n","protected":false},"excerpt":{"rendered":"<p>El Ministerio de Salud de la provincia de Buenos Aires sum\u00f3 este jueves una lista de nuevos grupos de riesgo que tienen prioridad para darse la vacuna contra el coronavirus. La decisi\u00f3n se tom\u00f3 teniendo en cuenta las complicaciones que surgieron en pacientes menores de 60 a\u00f1os con enfermedades previas que contrajeron Covid-19. La Provincia [&hellip;]<\/p>\n","protected":false},"author":4,"featured_media":92145,"comment_status":"open","ping_status":"closed","sticky":false,"template":"","format":"standard","meta":{"om_disable_all_campaigns":false,"_jetpack_memberships_contains_paid_content":false,"footnotes":""},"categories":[621],"tags":[],"class_list":["post-92144","post","type-post","status-publish","format-standard","has-post-thumbnail","hentry","category-regionales"],"aioseo_notices":[],"gutentor_comment":0,"jetpack_featured_media_url":"https:\/\/eldiariodesanpedro.com.ar\/sitio\/wp-content\/uploads\/2021\/05\/dona-embarassada-consulta-hospital-sant-joan-deu-barcelona_658x400.jpg","jetpack_shortlink":"https:\/\/wp.me\/p6RhLt-nYc","jetpack_sharing_enabled":true,"_links":{"self":[{"href":"https:\/\/eldiariodesanpedro.com.ar\/sitio\/wp-json\/wp\/v2\/posts\/92144","targetHints":{"allow":["GET"]}}],"collection":[{"href":"https:\/\/eldiariodesanpedro.com.ar\/sitio\/wp-json\/wp\/v2\/posts"}],"about":[{"href":"https:\/\/eldiariodesanpedro.com.ar\/sitio\/wp-json\/wp\/v2\/types\/post"}],"author":[{"embeddable":true,"href":"https:\/\/eldiariodesanpedro.com.ar\/sitio\/wp-json\/wp\/v2\/users\/4"}],"replies":[{"embeddable":true,"href":"https:\/\/eldiariodesanpedro.com.ar\/sitio\/wp-json\/wp\/v2\/comments?post=92144"}],"version-history":[{"count":1,"href":"https:\/\/eldiariodesanpedro.com.ar\/sitio\/wp-json\/wp\/v2\/posts\/92144\/revisions"}],"predecessor-version":[{"id":92146,"href":"https:\/\/eldiariodesanpedro.com.ar\/sitio\/wp-json\/wp\/v2\/posts\/92144\/revisions\/92146"}],"wp:featuredmedia":[{"embeddable":true,"href":"https:\/\/eldiariodesanpedro.com.ar\/sitio\/wp-json\/wp\/v2\/media\/92145"}],"wp:attachment":[{"href":"https:\/\/eldiariodesanpedro.com.ar\/sitio\/wp-json\/wp\/v2\/media?parent=92144"}],"wp:term":[{"taxonomy":"category","embeddable":true,"href":"https:\/\/eldiariodesanpedro.com.ar\/sitio\/wp-json\/wp\/v2\/categories?post=92144"},{"taxonomy":"post_tag","embeddable":true,"href":"https:\/\/eldiariodesanpedro.com.ar\/sitio\/wp-json\/wp\/v2\/tags?post=92144"}],"curies":[{"name":"wp","href":"https:\/\/api.w.org\/{rel}","templated":true}]}}