{"id":92142,"date":"2021-05-07T11:42:26","date_gmt":"2021-05-07T14:42:26","guid":{"rendered":"https:\/\/eldiariodesanpedro.com.ar\/sitio\/?p=92142"},"modified":"2021-05-07T11:42:30","modified_gmt":"2021-05-07T14:42:30","slug":"francisco-moragues-de-78-anos-fallecio-de-coronavirus-y-es-la-victima-112","status":"publish","type":"post","link":"https:\/\/eldiariodesanpedro.com.ar\/sitio\/francisco-moragues-de-78-anos-fallecio-de-coronavirus-y-es-la-victima-112\/","title":{"rendered":"Francisco Moragues de 78 a\u00f1os falleci\u00f3 de coronavirus y es la victima 112"},"content":{"rendered":"<!-- VideographyWP Plugin Message: Automatic video embedding prevented by plugin options. -->\n\n<p>La Secretar\u00eda de Salud de la Municipalidad de San Pedro informa el fallecimiento del Sr. Francisco Moragues de 78 a\u00f1os, internado con COVID 19 positivo en cl\u00ednica privada de Capital Federal.<\/p>\n\n\n\n<p>Acompa\u00f1amos a sus familiares y seres queridos con nuestras condolencias.<\/p>\n","protected":false},"excerpt":{"rendered":"<p>La Secretar\u00eda de Salud de la Municipalidad de San Pedro informa el fallecimiento del Sr. Francisco Moragues de 78 a\u00f1os, internado con COVID 19 positivo en cl\u00ednica privada de Capital Federal. Acompa\u00f1amos a sus familiares y seres queridos con nuestras condolencias.<\/p>\n","protected":false},"author":4,"featured_media":86026,"comment_status":"open","ping_status":"closed","sticky":false,"template":"","format":"standard","meta":{"om_disable_all_campaigns":false,"_jetpack_memberships_contains_paid_content":false,"footnotes":""},"categories":[101,2],"tags":[],"class_list":["post-92142","post","type-post","status-publish","format-standard","has-post-thumbnail","hentry","category-interes-general-locales","category-locales"],"aioseo_notices":[],"gutentor_comment":0,"jetpack_featured_media_url":"https:\/\/eldiariodesanpedro.com.ar\/sitio\/wp-content\/uploads\/2021\/01\/coronavirus-los-numeros-la-nochebuena-y-navidad_658x400.jpg","jetpack_shortlink":"https:\/\/wp.me\/p6RhLt-nYa","jetpack_sharing_enabled":true,"_links":{"self":[{"href":"https:\/\/eldiariodesanpedro.com.ar\/sitio\/wp-json\/wp\/v2\/posts\/92142","targetHints":{"allow":["GET"]}}],"collection":[{"href":"https:\/\/eldiariodesanpedro.com.ar\/sitio\/wp-json\/wp\/v2\/posts"}],"about":[{"href":"https:\/\/eldiariodesanpedro.com.ar\/sitio\/wp-json\/wp\/v2\/types\/post"}],"author":[{"embeddable":true,"href":"https:\/\/eldiariodesanpedro.com.ar\/sitio\/wp-json\/wp\/v2\/users\/4"}],"replies":[{"embeddable":true,"href":"https:\/\/eldiariodesanpedro.com.ar\/sitio\/wp-json\/wp\/v2\/comments?post=92142"}],"version-history":[{"count":1,"href":"https:\/\/eldiariodesanpedro.com.ar\/sitio\/wp-json\/wp\/v2\/posts\/92142\/revisions"}],"predecessor-version":[{"id":92143,"href":"https:\/\/eldiariodesanpedro.com.ar\/sitio\/wp-json\/wp\/v2\/posts\/92142\/revisions\/92143"}],"wp:featuredmedia":[{"embeddable":true,"href":"https:\/\/eldiariodesanpedro.com.ar\/sitio\/wp-json\/wp\/v2\/media\/86026"}],"wp:attachment":[{"href":"https:\/\/eldiariodesanpedro.com.ar\/sitio\/wp-json\/wp\/v2\/media?parent=92142"}],"wp:term":[{"taxonomy":"category","embeddable":true,"href":"https:\/\/eldiariodesanpedro.com.ar\/sitio\/wp-json\/wp\/v2\/categories?post=92142"},{"taxonomy":"post_tag","embeddable":true,"href":"https:\/\/eldiariodesanpedro.com.ar\/sitio\/wp-json\/wp\/v2\/tags?post=92142"}],"curies":[{"name":"wp","href":"https:\/\/api.w.org\/{rel}","templated":true}]}}