{"id":92140,"date":"2021-05-07T10:58:08","date_gmt":"2021-05-07T13:58:08","guid":{"rendered":"https:\/\/eldiariodesanpedro.com.ar\/sitio\/?p=92140"},"modified":"2021-05-07T10:58:13","modified_gmt":"2021-05-07T13:58:13","slug":"ayer-ocurrieron-dos-accidentes-de-transito","status":"publish","type":"post","link":"https:\/\/eldiariodesanpedro.com.ar\/sitio\/ayer-ocurrieron-dos-accidentes-de-transito\/","title":{"rendered":"Ayer ocurrieron dos accidentes de transito"},"content":{"rendered":"<!-- VideographyWP Plugin Message: Automatic video embedding prevented by plugin options. -->\n\n<p>En la jornada de ayer ocurrieron dos accidentes de tr\u00e1nsitos en la que se vieron involucrados motocicletas y donde sufrieron heridas sus conductores.<\/p>\n\n\n\n<p>En primer lugar en horas de la tarde alrededor de las 17 hs donde por razones que se trata de establecer en Miguel Port y Auli colisionaron una camioneta guiada por un ciudadano de 80 a\u00f1os que es impactada por una motocicleta 110 cc guiada por un joven de 16 a\u00f1os acompa\u00f1ado por otra de 18 a\u00f1os.<br>Por el choque una femenina trasladada por ambulancia al nosocomio local, resulta con lesiones de car\u00e1cter leve.<\/p>\n\n\n\n<p>Horas m\u00e1s tarde alrededor de las 19:30 hs por razones se trata de establecer en 3 de Febrero y Larralde Bis colisionaron un autom\u00f3vil\u00a0 guiado por una mujer de 41 a\u00f1os y una motocicleta 110cc guiada por una joven de 19 a\u00f1os. Como consecuencia conductora de motocicleta trasladada por ambulancia al nosocomio local resulta con lesiones de car\u00e1cter leves.\u00a0<\/p>\n\n\n\n<p><\/p>\n","protected":false},"excerpt":{"rendered":"<p>En la jornada de ayer ocurrieron dos accidentes de tr\u00e1nsitos en la que se vieron involucrados motocicletas y donde sufrieron heridas sus conductores. En primer lugar en horas de la tarde alrededor de las 17 hs donde por razones que se trata de establecer en Miguel Port y Auli colisionaron una camioneta guiada por un [&hellip;]<\/p>\n","protected":false},"author":4,"featured_media":81809,"comment_status":"open","ping_status":"closed","sticky":false,"template":"","format":"standard","meta":{"om_disable_all_campaigns":false,"_jetpack_memberships_contains_paid_content":false,"footnotes":""},"categories":[2,103],"tags":[],"class_list":["post-92140","post","type-post","status-publish","format-standard","has-post-thumbnail","hentry","category-locales","category-policiales-locales"],"aioseo_notices":[],"gutentor_comment":0,"jetpack_featured_media_url":"https:\/\/eldiariodesanpedro.com.ar\/sitio\/wp-content\/uploads\/2020\/10\/Captura.jpg","jetpack_shortlink":"https:\/\/wp.me\/p6RhLt-nY8","jetpack_sharing_enabled":true,"_links":{"self":[{"href":"https:\/\/eldiariodesanpedro.com.ar\/sitio\/wp-json\/wp\/v2\/posts\/92140","targetHints":{"allow":["GET"]}}],"collection":[{"href":"https:\/\/eldiariodesanpedro.com.ar\/sitio\/wp-json\/wp\/v2\/posts"}],"about":[{"href":"https:\/\/eldiariodesanpedro.com.ar\/sitio\/wp-json\/wp\/v2\/types\/post"}],"author":[{"embeddable":true,"href":"https:\/\/eldiariodesanpedro.com.ar\/sitio\/wp-json\/wp\/v2\/users\/4"}],"replies":[{"embeddable":true,"href":"https:\/\/eldiariodesanpedro.com.ar\/sitio\/wp-json\/wp\/v2\/comments?post=92140"}],"version-history":[{"count":1,"href":"https:\/\/eldiariodesanpedro.com.ar\/sitio\/wp-json\/wp\/v2\/posts\/92140\/revisions"}],"predecessor-version":[{"id":92141,"href":"https:\/\/eldiariodesanpedro.com.ar\/sitio\/wp-json\/wp\/v2\/posts\/92140\/revisions\/92141"}],"wp:featuredmedia":[{"embeddable":true,"href":"https:\/\/eldiariodesanpedro.com.ar\/sitio\/wp-json\/wp\/v2\/media\/81809"}],"wp:attachment":[{"href":"https:\/\/eldiariodesanpedro.com.ar\/sitio\/wp-json\/wp\/v2\/media?parent=92140"}],"wp:term":[{"taxonomy":"category","embeddable":true,"href":"https:\/\/eldiariodesanpedro.com.ar\/sitio\/wp-json\/wp\/v2\/categories?post=92140"},{"taxonomy":"post_tag","embeddable":true,"href":"https:\/\/eldiariodesanpedro.com.ar\/sitio\/wp-json\/wp\/v2\/tags?post=92140"}],"curies":[{"name":"wp","href":"https:\/\/api.w.org\/{rel}","templated":true}]}}