{"id":92136,"date":"2021-05-07T10:32:14","date_gmt":"2021-05-07T13:32:14","guid":{"rendered":"https:\/\/eldiariodesanpedro.com.ar\/sitio\/?p=92136"},"modified":"2021-05-07T10:32:22","modified_gmt":"2021-05-07T13:32:22","slug":"le-robaron-una-mochila-cuando-llegaba-a-su-casa","status":"publish","type":"post","link":"https:\/\/eldiariodesanpedro.com.ar\/sitio\/le-robaron-una-mochila-cuando-llegaba-a-su-casa\/","title":{"rendered":"Le robaron una mochila cuando llegaba a su casa"},"content":{"rendered":"<!-- VideographyWP Plugin Message: Automatic video embedding prevented by plugin options. -->\n\n<p>Una ciudadana denunci\u00f3 que en la tarde de ayer denunci\u00f3 que le arrebataron su bolso cuando llegaba a su casa.<\/p>\n\n\n\n<p>El hecho ocurri\u00f3 este jueves en horas de la tarde cuando la mujer de 61 a\u00f1os de edad regresaba a su domicilio ubicado en calle Ituzaing\u00f3 al 2600 es sorprendida por una pareja de delincuentes quienes le arrebataron la mochila con elementos personales.<\/p>\n\n\n\n<p>Tras el arrebato los dos delincuentes se dan a la fuga y la polic\u00eda investiga el hecho.<\/p>\n","protected":false},"excerpt":{"rendered":"<p>Una ciudadana denunci\u00f3 que en la tarde de ayer denunci\u00f3 que le arrebataron su bolso cuando llegaba a su casa. El hecho ocurri\u00f3 este jueves en horas de la tarde cuando la mujer de 61 a\u00f1os de edad regresaba a su domicilio ubicado en calle Ituzaing\u00f3 al 2600 es sorprendida por una pareja de delincuentes [&hellip;]<\/p>\n","protected":false},"author":4,"featured_media":77561,"comment_status":"open","ping_status":"closed","sticky":false,"template":"","format":"standard","meta":{"om_disable_all_campaigns":false,"_jetpack_memberships_contains_paid_content":false,"footnotes":""},"categories":[2,103],"tags":[],"class_list":["post-92136","post","type-post","status-publish","format-standard","has-post-thumbnail","hentry","category-locales","category-policiales-locales"],"aioseo_notices":[],"gutentor_comment":0,"jetpack_featured_media_url":"https:\/\/eldiariodesanpedro.com.ar\/sitio\/wp-content\/uploads\/2020\/07\/20200709072134.jpg","jetpack_shortlink":"https:\/\/wp.me\/p6RhLt-nY4","jetpack_sharing_enabled":true,"_links":{"self":[{"href":"https:\/\/eldiariodesanpedro.com.ar\/sitio\/wp-json\/wp\/v2\/posts\/92136","targetHints":{"allow":["GET"]}}],"collection":[{"href":"https:\/\/eldiariodesanpedro.com.ar\/sitio\/wp-json\/wp\/v2\/posts"}],"about":[{"href":"https:\/\/eldiariodesanpedro.com.ar\/sitio\/wp-json\/wp\/v2\/types\/post"}],"author":[{"embeddable":true,"href":"https:\/\/eldiariodesanpedro.com.ar\/sitio\/wp-json\/wp\/v2\/users\/4"}],"replies":[{"embeddable":true,"href":"https:\/\/eldiariodesanpedro.com.ar\/sitio\/wp-json\/wp\/v2\/comments?post=92136"}],"version-history":[{"count":1,"href":"https:\/\/eldiariodesanpedro.com.ar\/sitio\/wp-json\/wp\/v2\/posts\/92136\/revisions"}],"predecessor-version":[{"id":92137,"href":"https:\/\/eldiariodesanpedro.com.ar\/sitio\/wp-json\/wp\/v2\/posts\/92136\/revisions\/92137"}],"wp:featuredmedia":[{"embeddable":true,"href":"https:\/\/eldiariodesanpedro.com.ar\/sitio\/wp-json\/wp\/v2\/media\/77561"}],"wp:attachment":[{"href":"https:\/\/eldiariodesanpedro.com.ar\/sitio\/wp-json\/wp\/v2\/media?parent=92136"}],"wp:term":[{"taxonomy":"category","embeddable":true,"href":"https:\/\/eldiariodesanpedro.com.ar\/sitio\/wp-json\/wp\/v2\/categories?post=92136"},{"taxonomy":"post_tag","embeddable":true,"href":"https:\/\/eldiariodesanpedro.com.ar\/sitio\/wp-json\/wp\/v2\/tags?post=92136"}],"curies":[{"name":"wp","href":"https:\/\/api.w.org\/{rel}","templated":true}]}}