{"id":92133,"date":"2021-05-07T10:08:34","date_gmt":"2021-05-07T13:08:34","guid":{"rendered":"https:\/\/eldiariodesanpedro.com.ar\/sitio\/?p=92133"},"modified":"2021-05-07T10:08:39","modified_gmt":"2021-05-07T13:08:39","slug":"trabajos-que-realiza-el-area-de-servicios-publicos","status":"publish","type":"post","link":"https:\/\/eldiariodesanpedro.com.ar\/sitio\/trabajos-que-realiza-el-area-de-servicios-publicos\/","title":{"rendered":"Trabajos que realiza el \u00e1rea de servicios p\u00fablicos"},"content":{"rendered":"<!-- VideographyWP Plugin Message: Automatic video embedding prevented by plugin options. -->\n\n<p>Hoy los equipos de Servicios P\u00fablicos contin\u00faan con trabajando en diferentes zonas de la ciudad con una gran demanda en sectores en los que, lamentablemente, se siguen acumulando residuos que ponen en riesgo desag\u00fces y zonas que pueden sufrir con mayor intensidad el efecto de las lluvias.<\/p>\n\n\n\n<p>Plan de trabajo:<br>Una moto niveladora trabajando en calle General Pueyrred\u00f3n desde Di Pietri hasta Thorne y en Chivilcoy desde Italia a Frers.<br>Dos equipos trasladan wrap para bacheos en R\u00edo Tala, Santa Luc\u00eda y Gobernador Castro<br>Dos camiones realizan tareas de limpieza en zanj\u00f3n de Avenida Am\u00e9rica<br>Una retroexcavadora limpia zanjas en calle Lavalle<br>Un tractor con cespera corta pasto en banquinas de Ruta 1001 (precauci\u00f3n)<br>Un tractor con cuadrilla limpia desag\u00fces en Barrio Futuro<br>Un tractor con cuadrilla realiza bacheo con tosca en calle Mart\u00edn Fierro<br>Una cuadrilla con moto guada\u00f1a trabaja cortando pasto en Avenida 3 de febrero desde Rotonda N\u00e9stor Kirchner hasta Calle 66.<br>Un cami\u00f3n con cuadrilla contin\u00faa con limpiezas en diferentes puntos de la ciudad<\/p>\n\n\n\n<p>Adjuntamos fotos de nuevos sectores en los que se ha realizado retiro de residuos y del estado en el que son dejadas luego del trabajo de las cuadrillas municipales<\/p>\n","protected":false},"excerpt":{"rendered":"<p>Hoy los equipos de Servicios P\u00fablicos contin\u00faan con trabajando en diferentes zonas de la ciudad con una gran demanda en sectores en los que, lamentablemente, se siguen acumulando residuos que ponen en riesgo desag\u00fces y zonas que pueden sufrir con mayor intensidad el efecto de las lluvias. Plan de trabajo:Una moto niveladora trabajando en calle [&hellip;]<\/p>\n","protected":false},"author":4,"featured_media":92134,"comment_status":"open","ping_status":"closed","sticky":false,"template":"","format":"standard","meta":{"om_disable_all_campaigns":false,"_jetpack_memberships_contains_paid_content":false,"footnotes":""},"categories":[101,2],"tags":[],"class_list":["post-92133","post","type-post","status-publish","format-standard","has-post-thumbnail","hentry","category-interes-general-locales","category-locales"],"aioseo_notices":[],"gutentor_comment":0,"jetpack_featured_media_url":"https:\/\/eldiariodesanpedro.com.ar\/sitio\/wp-content\/uploads\/2021\/05\/WhatsApp-Image-2021-05-07-at-10.01.37.jpeg","jetpack_shortlink":"https:\/\/wp.me\/p6RhLt-nY1","jetpack_sharing_enabled":true,"_links":{"self":[{"href":"https:\/\/eldiariodesanpedro.com.ar\/sitio\/wp-json\/wp\/v2\/posts\/92133","targetHints":{"allow":["GET"]}}],"collection":[{"href":"https:\/\/eldiariodesanpedro.com.ar\/sitio\/wp-json\/wp\/v2\/posts"}],"about":[{"href":"https:\/\/eldiariodesanpedro.com.ar\/sitio\/wp-json\/wp\/v2\/types\/post"}],"author":[{"embeddable":true,"href":"https:\/\/eldiariodesanpedro.com.ar\/sitio\/wp-json\/wp\/v2\/users\/4"}],"replies":[{"embeddable":true,"href":"https:\/\/eldiariodesanpedro.com.ar\/sitio\/wp-json\/wp\/v2\/comments?post=92133"}],"version-history":[{"count":1,"href":"https:\/\/eldiariodesanpedro.com.ar\/sitio\/wp-json\/wp\/v2\/posts\/92133\/revisions"}],"predecessor-version":[{"id":92135,"href":"https:\/\/eldiariodesanpedro.com.ar\/sitio\/wp-json\/wp\/v2\/posts\/92133\/revisions\/92135"}],"wp:featuredmedia":[{"embeddable":true,"href":"https:\/\/eldiariodesanpedro.com.ar\/sitio\/wp-json\/wp\/v2\/media\/92134"}],"wp:attachment":[{"href":"https:\/\/eldiariodesanpedro.com.ar\/sitio\/wp-json\/wp\/v2\/media?parent=92133"}],"wp:term":[{"taxonomy":"category","embeddable":true,"href":"https:\/\/eldiariodesanpedro.com.ar\/sitio\/wp-json\/wp\/v2\/categories?post=92133"},{"taxonomy":"post_tag","embeddable":true,"href":"https:\/\/eldiariodesanpedro.com.ar\/sitio\/wp-json\/wp\/v2\/tags?post=92133"}],"curies":[{"name":"wp","href":"https:\/\/api.w.org\/{rel}","templated":true}]}}