{"id":92123,"date":"2021-05-07T09:31:48","date_gmt":"2021-05-07T12:31:48","guid":{"rendered":"https:\/\/eldiariodesanpedro.com.ar\/sitio\/?p=92123"},"modified":"2021-05-07T09:31:52","modified_gmt":"2021-05-07T12:31:52","slug":"cecilio-salazar-en-una-reunion-con-el-ministro-de-desarrollo-territorial-para-reactivar-proyectos-habitacionales","status":"publish","type":"post","link":"https:\/\/eldiariodesanpedro.com.ar\/sitio\/cecilio-salazar-en-una-reunion-con-el-ministro-de-desarrollo-territorial-para-reactivar-proyectos-habitacionales\/","title":{"rendered":"Cecilio Salazar en una reuni\u00f3n con el Ministro de Desarrollo Territorial para reactivar proyectos habitacionales"},"content":{"rendered":"<!-- VideographyWP Plugin Message: Automatic video embedding prevented by plugin options. -->\n\n<p>Este jueves, en la sede de UATRE de la Ciudad Aut\u00f3noma Buenos Aires, el Intendente Municipal de San Pedro y Presidente del Partido Fe Cecilio Salazar, particip\u00f3 junto al Secretario General de UATRE Jos\u00e9 Voytenco, de la recepci\u00f3n que le brindaron al Ministro de Desarrollo Territorial y H\u00e1bitat Nacional Jorge Ferraresi.<\/p>\n\n\n\n<p>Junto al funcionario tambi\u00e9n participaron del ameno encuentro otros integrantes del Secretariado Nacional de UATRE, el Secretario de H\u00e1bitat Santiago Maggiotti, Baldomero \u00abCacho\u00bb Alvarez miembro de su equipo, la Diputada Provincial de FE, Natalia S\u00e1nchez J\u00e1uregui y el Secretario de Desarrollo Econ\u00f3mico de la Municipalidad de San Pedro, Alfredo Carrasco.<\/p>\n\n\n\n<p>La oportunidad fue muy propicia para exponer ante las m\u00e1ximas autoridades nacionales en materia de planes de vivienda, la necesidad de activar proyectos para nuestra zona sobre los cuales se ha retomado una gesti\u00f3n muy importante a trav\u00e9s de la Secretar\u00eda de Obras P\u00fablicas.<\/p>\n\n\n\n<p>En el mismo sentido se avanz\u00f3 en charlas sobre planes habitacionales que se impulsar\u00e1n en conjunto con UATRE para diferentes regiones del pa\u00eds.<\/p>\n\n\n\n<figure class=\"wp-block-image size-large\"><img decoding=\"async\" width=\"1024\" height=\"584\" data-attachment-id=\"92127\" data-permalink=\"https:\/\/eldiariodesanpedro.com.ar\/sitio\/cecilio-salazar-en-una-reunion-con-el-ministro-de-desarrollo-territorial-para-reactivar-proyectos-habitacionales\/whatsapp-image-2021-05-06-at-20-31-09\/\" data-orig-file=\"https:\/\/eldiariodesanpedro.com.ar\/sitio\/wp-content\/uploads\/2021\/05\/WhatsApp-Image-2021-05-06-at-20.31.09.jpeg\" data-orig-size=\"1063,606\" data-comments-opened=\"1\" data-image-meta=\"{&quot;aperture&quot;:&quot;0&quot;,&quot;credit&quot;:&quot;&quot;,&quot;camera&quot;:&quot;&quot;,&quot;caption&quot;:&quot;&quot;,&quot;created_timestamp&quot;:&quot;0&quot;,&quot;copyright&quot;:&quot;&quot;,&quot;focal_length&quot;:&quot;0&quot;,&quot;iso&quot;:&quot;0&quot;,&quot;shutter_speed&quot;:&quot;0&quot;,&quot;title&quot;:&quot;&quot;,&quot;orientation&quot;:&quot;0&quot;}\" data-image-title=\"WhatsApp Image 2021-05-06 at 20.31.09\" data-image-description=\"\" data-image-caption=\"\" data-large-file=\"https:\/\/eldiariodesanpedro.com.ar\/sitio\/wp-content\/uploads\/2021\/05\/WhatsApp-Image-2021-05-06-at-20.31.09-1024x584.jpeg\" data-src=\"https:\/\/eldiariodesanpedro.com.ar\/sitio\/wp-content\/uploads\/2021\/05\/WhatsApp-Image-2021-05-06-at-20.31.09-1024x584.jpeg\" alt=\"\" class=\"wp-image-92127 lazyload\" data-srcset=\"https:\/\/eldiariodesanpedro.com.ar\/sitio\/wp-content\/uploads\/2021\/05\/WhatsApp-Image-2021-05-06-at-20.31.09-1024x584.jpeg 1024w, https:\/\/eldiariodesanpedro.com.ar\/sitio\/wp-content\/uploads\/2021\/05\/WhatsApp-Image-2021-05-06-at-20.31.09-300x171.jpeg 300w, https:\/\/eldiariodesanpedro.com.ar\/sitio\/wp-content\/uploads\/2021\/05\/WhatsApp-Image-2021-05-06-at-20.31.09-768x438.jpeg 768w, https:\/\/eldiariodesanpedro.com.ar\/sitio\/wp-content\/uploads\/2021\/05\/WhatsApp-Image-2021-05-06-at-20.31.09.jpeg 1063w\" data-sizes=\"(max-width: 1024px) 100vw, 1024px\" src=\"data:image\/svg+xml;base64,PHN2ZyB3aWR0aD0iMSIgaGVpZ2h0PSIxIiB4bWxucz0iaHR0cDovL3d3dy53My5vcmcvMjAwMC9zdmciPjwvc3ZnPg==\" style=\"--smush-placeholder-width: 1024px; --smush-placeholder-aspect-ratio: 1024\/584;\" \/><\/figure>\n\n\n\n<figure class=\"wp-block-image size-large\"><img decoding=\"async\" width=\"1024\" height=\"766\" data-attachment-id=\"92126\" data-permalink=\"https:\/\/eldiariodesanpedro.com.ar\/sitio\/cecilio-salazar-en-una-reunion-con-el-ministro-de-desarrollo-territorial-para-reactivar-proyectos-habitacionales\/whatsapp-image-2021-05-06-at-20-31-07\/\" data-orig-file=\"https:\/\/eldiariodesanpedro.com.ar\/sitio\/wp-content\/uploads\/2021\/05\/WhatsApp-Image-2021-05-06-at-20.31.07.jpeg\" data-orig-size=\"1280,958\" data-comments-opened=\"1\" data-image-meta=\"{&quot;aperture&quot;:&quot;0&quot;,&quot;credit&quot;:&quot;&quot;,&quot;camera&quot;:&quot;&quot;,&quot;caption&quot;:&quot;&quot;,&quot;created_timestamp&quot;:&quot;0&quot;,&quot;copyright&quot;:&quot;&quot;,&quot;focal_length&quot;:&quot;0&quot;,&quot;iso&quot;:&quot;0&quot;,&quot;shutter_speed&quot;:&quot;0&quot;,&quot;title&quot;:&quot;&quot;,&quot;orientation&quot;:&quot;0&quot;}\" data-image-title=\"WhatsApp Image 2021-05-06 at 20.31.07\" data-image-description=\"\" data-image-caption=\"\" data-large-file=\"https:\/\/eldiariodesanpedro.com.ar\/sitio\/wp-content\/uploads\/2021\/05\/WhatsApp-Image-2021-05-06-at-20.31.07-1024x766.jpeg\" data-src=\"https:\/\/eldiariodesanpedro.com.ar\/sitio\/wp-content\/uploads\/2021\/05\/WhatsApp-Image-2021-05-06-at-20.31.07-1024x766.jpeg\" alt=\"\" class=\"wp-image-92126 lazyload\" data-srcset=\"https:\/\/eldiariodesanpedro.com.ar\/sitio\/wp-content\/uploads\/2021\/05\/WhatsApp-Image-2021-05-06-at-20.31.07-1024x766.jpeg 1024w, https:\/\/eldiariodesanpedro.com.ar\/sitio\/wp-content\/uploads\/2021\/05\/WhatsApp-Image-2021-05-06-at-20.31.07-300x225.jpeg 300w, https:\/\/eldiariodesanpedro.com.ar\/sitio\/wp-content\/uploads\/2021\/05\/WhatsApp-Image-2021-05-06-at-20.31.07-768x575.jpeg 768w, https:\/\/eldiariodesanpedro.com.ar\/sitio\/wp-content\/uploads\/2021\/05\/WhatsApp-Image-2021-05-06-at-20.31.07-500x375.jpeg 500w, https:\/\/eldiariodesanpedro.com.ar\/sitio\/wp-content\/uploads\/2021\/05\/WhatsApp-Image-2021-05-06-at-20.31.07.jpeg 1280w\" data-sizes=\"(max-width: 1024px) 100vw, 1024px\" src=\"data:image\/svg+xml;base64,PHN2ZyB3aWR0aD0iMSIgaGVpZ2h0PSIxIiB4bWxucz0iaHR0cDovL3d3dy53My5vcmcvMjAwMC9zdmciPjwvc3ZnPg==\" style=\"--smush-placeholder-width: 1024px; --smush-placeholder-aspect-ratio: 1024\/766;\" \/><\/figure>\n","protected":false},"excerpt":{"rendered":"<p>Este jueves, en la sede de UATRE de la Ciudad Aut\u00f3noma Buenos Aires, el Intendente Municipal de San Pedro y Presidente del Partido Fe Cecilio Salazar, particip\u00f3 junto al Secretario General de UATRE Jos\u00e9 Voytenco, de la recepci\u00f3n que le brindaron al Ministro de Desarrollo Territorial y H\u00e1bitat Nacional Jorge Ferraresi. Junto al funcionario tambi\u00e9n [&hellip;]<\/p>\n","protected":false},"author":4,"featured_media":92125,"comment_status":"open","ping_status":"closed","sticky":false,"template":"","format":"standard","meta":{"om_disable_all_campaigns":false,"_jetpack_memberships_contains_paid_content":false,"footnotes":""},"categories":[50,101,2],"tags":[],"class_list":["post-92123","post","type-post","status-publish","format-standard","has-post-thumbnail","hentry","category-destacadas","category-interes-general-locales","category-locales"],"aioseo_notices":[],"gutentor_comment":0,"jetpack_featured_media_url":"https:\/\/eldiariodesanpedro.com.ar\/sitio\/wp-content\/uploads\/2021\/05\/WhatsApp-Image-2021-05-06-at-20.31.07-1.jpeg","jetpack_shortlink":"https:\/\/wp.me\/p6RhLt-nXR","jetpack_sharing_enabled":true,"_links":{"self":[{"href":"https:\/\/eldiariodesanpedro.com.ar\/sitio\/wp-json\/wp\/v2\/posts\/92123","targetHints":{"allow":["GET"]}}],"collection":[{"href":"https:\/\/eldiariodesanpedro.com.ar\/sitio\/wp-json\/wp\/v2\/posts"}],"about":[{"href":"https:\/\/eldiariodesanpedro.com.ar\/sitio\/wp-json\/wp\/v2\/types\/post"}],"author":[{"embeddable":true,"href":"https:\/\/eldiariodesanpedro.com.ar\/sitio\/wp-json\/wp\/v2\/users\/4"}],"replies":[{"embeddable":true,"href":"https:\/\/eldiariodesanpedro.com.ar\/sitio\/wp-json\/wp\/v2\/comments?post=92123"}],"version-history":[{"count":1,"href":"https:\/\/eldiariodesanpedro.com.ar\/sitio\/wp-json\/wp\/v2\/posts\/92123\/revisions"}],"predecessor-version":[{"id":92128,"href":"https:\/\/eldiariodesanpedro.com.ar\/sitio\/wp-json\/wp\/v2\/posts\/92123\/revisions\/92128"}],"wp:featuredmedia":[{"embeddable":true,"href":"https:\/\/eldiariodesanpedro.com.ar\/sitio\/wp-json\/wp\/v2\/media\/92125"}],"wp:attachment":[{"href":"https:\/\/eldiariodesanpedro.com.ar\/sitio\/wp-json\/wp\/v2\/media?parent=92123"}],"wp:term":[{"taxonomy":"category","embeddable":true,"href":"https:\/\/eldiariodesanpedro.com.ar\/sitio\/wp-json\/wp\/v2\/categories?post=92123"},{"taxonomy":"post_tag","embeddable":true,"href":"https:\/\/eldiariodesanpedro.com.ar\/sitio\/wp-json\/wp\/v2\/tags?post=92123"}],"curies":[{"name":"wp","href":"https:\/\/api.w.org\/{rel}","templated":true}]}}