{"id":92121,"date":"2021-05-07T09:28:55","date_gmt":"2021-05-07T12:28:55","guid":{"rendered":"https:\/\/eldiariodesanpedro.com.ar\/sitio\/?p=92121"},"modified":"2021-05-07T09:28:59","modified_gmt":"2021-05-07T12:28:59","slug":"fallecimiento-de-florentina-piernabieja-de-102-por-coronavirus-victima-110","status":"publish","type":"post","link":"https:\/\/eldiariodesanpedro.com.ar\/sitio\/fallecimiento-de-florentina-piernabieja-de-102-por-coronavirus-victima-110\/","title":{"rendered":"Fallecimiento de Florentina Piernabieja de 102 por coronavirus, victima 110"},"content":{"rendered":"<!-- VideographyWP Plugin Message: Automatic video embedding prevented by plugin options. -->\n\n<p>La Secretar\u00eda de Salud de la Municipalidad de San Pedro informa el fallecimiento de la Sra. Florentina Piernabieja de 102 a\u00f1os de edad, internada con COVID 19 positivo, en cl\u00ednica privada<\/p>\n\n\n\n<p>Acompa\u00f1amos en este doloroso momento a sus familiares y seres queridos con nuestras condolencias.<\/p>\n","protected":false},"excerpt":{"rendered":"<p>La Secretar\u00eda de Salud de la Municipalidad de San Pedro informa el fallecimiento de la Sra. Florentina Piernabieja de 102 a\u00f1os de edad, internada con COVID 19 positivo, en cl\u00ednica privada Acompa\u00f1amos en este doloroso momento a sus familiares y seres queridos con nuestras condolencias.<\/p>\n","protected":false},"author":4,"featured_media":80304,"comment_status":"open","ping_status":"closed","sticky":false,"template":"","format":"standard","meta":{"om_disable_all_campaigns":false,"_jetpack_memberships_contains_paid_content":false,"footnotes":""},"categories":[101,2],"tags":[],"class_list":["post-92121","post","type-post","status-publish","format-standard","has-post-thumbnail","hentry","category-interes-general-locales","category-locales"],"aioseo_notices":[],"gutentor_comment":0,"jetpack_featured_media_url":"https:\/\/eldiariodesanpedro.com.ar\/sitio\/wp-content\/uploads\/2020\/08\/CORONAVIRUS-222.jpg","jetpack_shortlink":"https:\/\/wp.me\/p6RhLt-nXP","jetpack_sharing_enabled":true,"_links":{"self":[{"href":"https:\/\/eldiariodesanpedro.com.ar\/sitio\/wp-json\/wp\/v2\/posts\/92121","targetHints":{"allow":["GET"]}}],"collection":[{"href":"https:\/\/eldiariodesanpedro.com.ar\/sitio\/wp-json\/wp\/v2\/posts"}],"about":[{"href":"https:\/\/eldiariodesanpedro.com.ar\/sitio\/wp-json\/wp\/v2\/types\/post"}],"author":[{"embeddable":true,"href":"https:\/\/eldiariodesanpedro.com.ar\/sitio\/wp-json\/wp\/v2\/users\/4"}],"replies":[{"embeddable":true,"href":"https:\/\/eldiariodesanpedro.com.ar\/sitio\/wp-json\/wp\/v2\/comments?post=92121"}],"version-history":[{"count":1,"href":"https:\/\/eldiariodesanpedro.com.ar\/sitio\/wp-json\/wp\/v2\/posts\/92121\/revisions"}],"predecessor-version":[{"id":92122,"href":"https:\/\/eldiariodesanpedro.com.ar\/sitio\/wp-json\/wp\/v2\/posts\/92121\/revisions\/92122"}],"wp:featuredmedia":[{"embeddable":true,"href":"https:\/\/eldiariodesanpedro.com.ar\/sitio\/wp-json\/wp\/v2\/media\/80304"}],"wp:attachment":[{"href":"https:\/\/eldiariodesanpedro.com.ar\/sitio\/wp-json\/wp\/v2\/media?parent=92121"}],"wp:term":[{"taxonomy":"category","embeddable":true,"href":"https:\/\/eldiariodesanpedro.com.ar\/sitio\/wp-json\/wp\/v2\/categories?post=92121"},{"taxonomy":"post_tag","embeddable":true,"href":"https:\/\/eldiariodesanpedro.com.ar\/sitio\/wp-json\/wp\/v2\/tags?post=92121"}],"curies":[{"name":"wp","href":"https:\/\/api.w.org\/{rel}","templated":true}]}}