{"id":92119,"date":"2021-05-07T09:26:29","date_gmt":"2021-05-07T12:26:29","guid":{"rendered":"https:\/\/eldiariodesanpedro.com.ar\/sitio\/?p=92119"},"modified":"2021-05-07T09:26:34","modified_gmt":"2021-05-07T12:26:34","slug":"cronograma-de-anses-para-hoy-viernes-7","status":"publish","type":"post","link":"https:\/\/eldiariodesanpedro.com.ar\/sitio\/cronograma-de-anses-para-hoy-viernes-7\/","title":{"rendered":"Cronograma de Anses para hoy viernes"},"content":{"rendered":"<!-- VideographyWP Plugin Message: Automatic video embedding prevented by plugin options. -->\n\n<p>El organismo, a cargo de la Lic. Fernanda Raverta, informa que hoy termina el pago del Refuerzo de los 15.000 pesos para beneficiarios del AMBA, se abonan Pensiones No Contributivas y los programas Alimentario PAMI y Acompa\u00f1ar.<\/p>\n\n\n\n<p><strong>Refuerzo de 15.000 pesos para el AMBA<\/strong><br>Hoy se deposita, autom\u00e1ticamente y sin tr\u00e1mite previo, el Refuerzo de 15.000 pesos para titulares residentes del AMBA de la Asignaci\u00f3n Universal por Hijo (AUH), Asignaci\u00f3n por Embarazo y monotributistas A y B que cobren Asignaciones Familiares con DNI finalizados en\u00a0<strong>9<\/strong>.<\/p>\n\n\n\n<p><strong>Pensiones No Contributivas<\/strong><br>Las sucursales bancarias habilitadas atienden por ventanilla solo a titulares de Pensiones No Contributivas (PNC) que deban cobrar su haber de mayo con documentos terminados en\u00a0<strong>8\u00a0<\/strong>y\u00a0<strong>9<\/strong>.<br>En este sentido, si bien estas personas no tienen que solicitar turno previo para cobrar este beneficio,\u00a0deben acercarse a la sucursal bancaria \u00fanicamente en la fecha asignada. Cabe recordar que los haberes permanecer\u00e1n depositados en sus cuentas.<\/p>\n\n\n\n<p><strong>Programa Alimentario PAMI<\/strong><br>En el marco del Programa Alimentario PAMI, la ANSES abona hoy el pago extraordinario equivalente al monto del bols\u00f3n de alimentos para titulares de Pensiones No Contributivas (PNC) con documentos concluidos en\u00a0<strong>8\u00a0<\/strong>y<strong>\u00a09<\/strong>. Para m\u00e1s informaci\u00f3n se puede ingresar a\u00a0<a rel=\"noreferrer noopener\" href=\"http:\/\/www.pami.org.ar\/programa-alimentario\" target=\"_blank\">www.pami.org.ar\/programa-alimentario<\/a>.<\/p>\n\n\n\n<p><strong>Programa Acompa\u00f1ar<\/strong><br>Hoy se realiza el pago del Programa Acompa\u00f1ar del Ministerio de las Mujeres, G\u00e9neros y Diversidad de la Naci\u00f3n, con el objetivo de promover la autonom\u00eda de las mujeres y personas LGBTI+ que se encuentran en riesgo por violencias por motivos de g\u00e9nero.<\/p>\n","protected":false},"excerpt":{"rendered":"<p>El organismo, a cargo de la Lic. Fernanda Raverta, informa que hoy termina el pago del Refuerzo de los 15.000 pesos para beneficiarios del AMBA, se abonan Pensiones No Contributivas y los programas Alimentario PAMI y Acompa\u00f1ar. Refuerzo de 15.000 pesos para el AMBAHoy se deposita, autom\u00e1ticamente y sin tr\u00e1mite previo, el Refuerzo de 15.000 [&hellip;]<\/p>\n","protected":false},"author":4,"featured_media":81057,"comment_status":"open","ping_status":"closed","sticky":false,"template":"","format":"standard","meta":{"om_disable_all_campaigns":false,"_jetpack_memberships_contains_paid_content":false,"footnotes":""},"categories":[101,2],"tags":[],"class_list":["post-92119","post","type-post","status-publish","format-standard","has-post-thumbnail","hentry","category-interes-general-locales","category-locales"],"aioseo_notices":[],"gutentor_comment":0,"jetpack_featured_media_url":"https:\/\/eldiariodesanpedro.com.ar\/sitio\/wp-content\/uploads\/2020\/09\/15929411259273.jpg","jetpack_shortlink":"https:\/\/wp.me\/p6RhLt-nXN","jetpack_sharing_enabled":true,"_links":{"self":[{"href":"https:\/\/eldiariodesanpedro.com.ar\/sitio\/wp-json\/wp\/v2\/posts\/92119","targetHints":{"allow":["GET"]}}],"collection":[{"href":"https:\/\/eldiariodesanpedro.com.ar\/sitio\/wp-json\/wp\/v2\/posts"}],"about":[{"href":"https:\/\/eldiariodesanpedro.com.ar\/sitio\/wp-json\/wp\/v2\/types\/post"}],"author":[{"embeddable":true,"href":"https:\/\/eldiariodesanpedro.com.ar\/sitio\/wp-json\/wp\/v2\/users\/4"}],"replies":[{"embeddable":true,"href":"https:\/\/eldiariodesanpedro.com.ar\/sitio\/wp-json\/wp\/v2\/comments?post=92119"}],"version-history":[{"count":1,"href":"https:\/\/eldiariodesanpedro.com.ar\/sitio\/wp-json\/wp\/v2\/posts\/92119\/revisions"}],"predecessor-version":[{"id":92120,"href":"https:\/\/eldiariodesanpedro.com.ar\/sitio\/wp-json\/wp\/v2\/posts\/92119\/revisions\/92120"}],"wp:featuredmedia":[{"embeddable":true,"href":"https:\/\/eldiariodesanpedro.com.ar\/sitio\/wp-json\/wp\/v2\/media\/81057"}],"wp:attachment":[{"href":"https:\/\/eldiariodesanpedro.com.ar\/sitio\/wp-json\/wp\/v2\/media?parent=92119"}],"wp:term":[{"taxonomy":"category","embeddable":true,"href":"https:\/\/eldiariodesanpedro.com.ar\/sitio\/wp-json\/wp\/v2\/categories?post=92119"},{"taxonomy":"post_tag","embeddable":true,"href":"https:\/\/eldiariodesanpedro.com.ar\/sitio\/wp-json\/wp\/v2\/tags?post=92119"}],"curies":[{"name":"wp","href":"https:\/\/api.w.org\/{rel}","templated":true}]}}