{"id":92116,"date":"2021-05-06T19:24:54","date_gmt":"2021-05-06T22:24:54","guid":{"rendered":"https:\/\/eldiariodesanpedro.com.ar\/sitio\/?p=92116"},"modified":"2021-05-06T19:24:59","modified_gmt":"2021-05-06T22:24:59","slug":"jornadas-conociendo-y-respetando-nuestro-cuerpo","status":"publish","type":"post","link":"https:\/\/eldiariodesanpedro.com.ar\/sitio\/jornadas-conociendo-y-respetando-nuestro-cuerpo\/","title":{"rendered":"Jornadas \u201cConociendo y respetando nuestro cuerpo\u201d"},"content":{"rendered":"<!-- VideographyWP Plugin Message: Automatic video embedding prevented by plugin options. -->\n\n<p>El Secretario de Desarrollo Humano Walter S\u00e1nchez, acompa\u00f1ado por el Director de Deportes Mariano Arnal, participaron en las instalaciones del Club Atl\u00e9tico Mitre, de las Jornadas \u201cConociendo y respetando nuestro cuerpo\u201d para la detecci\u00f3n temprana de abuso sexual infantil y todo tipo de maltratos.<\/p>\n\n\n\n<p>Estas actividades estuvieron a cargo de los profesionales del Servicio Local de Promoci\u00f3n y Protecci\u00f3n de los Derechos de Ni\u00f1os, Ni\u00f1as y Adolescentes de San Pedro y estuvo destinado a integrantes del Curso de Entrenadores de F\u00fatbol Infantil.<\/p>\n\n\n\n<p>El programa fue propuesto para adultos que trabajan en contacto con ni\u00f1os y adolescentes, con el objetivo de brindarles herramientas para la detecci\u00f3n temprana y prevenci\u00f3n de situaciones de maltrato, y donde recurrir ante el conocimiento de una situaci\u00f3n de este tipo.<\/p>\n\n\n\n<p>Se busca promover un espacio de escucha y reflexi\u00f3n sobre el cuidado del cuerpo humano en la primera infancia. Se realizar\u00e1 por jornadas en espacios como clubes y centros recreativos en las cuales se usar\u00e1 como disparador la proyecci\u00f3n de un video para luego trabajar con los ni\u00f1os y reflexionar sobre el cuidado y c\u00f3mo identificar este tipo de situaciones.<\/p>\n","protected":false},"excerpt":{"rendered":"<p>El Secretario de Desarrollo Humano Walter S\u00e1nchez, acompa\u00f1ado por el Director de Deportes Mariano Arnal, participaron en las instalaciones del Club Atl\u00e9tico Mitre, de las Jornadas \u201cConociendo y respetando nuestro cuerpo\u201d para la detecci\u00f3n temprana de abuso sexual infantil y todo tipo de maltratos. Estas actividades estuvieron a cargo de los profesionales del Servicio Local [&hellip;]<\/p>\n","protected":false},"author":4,"featured_media":92117,"comment_status":"open","ping_status":"closed","sticky":false,"template":"","format":"standard","meta":{"om_disable_all_campaigns":false,"_jetpack_memberships_contains_paid_content":false,"footnotes":""},"categories":[2],"tags":[],"class_list":["post-92116","post","type-post","status-publish","format-standard","has-post-thumbnail","hentry","category-locales"],"aioseo_notices":[],"gutentor_comment":0,"jetpack_featured_media_url":"https:\/\/eldiariodesanpedro.com.ar\/sitio\/wp-content\/uploads\/2021\/05\/182863127_3971125246315454_372200533421268884_n.jpg","jetpack_shortlink":"https:\/\/wp.me\/p6RhLt-nXK","jetpack_sharing_enabled":true,"_links":{"self":[{"href":"https:\/\/eldiariodesanpedro.com.ar\/sitio\/wp-json\/wp\/v2\/posts\/92116","targetHints":{"allow":["GET"]}}],"collection":[{"href":"https:\/\/eldiariodesanpedro.com.ar\/sitio\/wp-json\/wp\/v2\/posts"}],"about":[{"href":"https:\/\/eldiariodesanpedro.com.ar\/sitio\/wp-json\/wp\/v2\/types\/post"}],"author":[{"embeddable":true,"href":"https:\/\/eldiariodesanpedro.com.ar\/sitio\/wp-json\/wp\/v2\/users\/4"}],"replies":[{"embeddable":true,"href":"https:\/\/eldiariodesanpedro.com.ar\/sitio\/wp-json\/wp\/v2\/comments?post=92116"}],"version-history":[{"count":1,"href":"https:\/\/eldiariodesanpedro.com.ar\/sitio\/wp-json\/wp\/v2\/posts\/92116\/revisions"}],"predecessor-version":[{"id":92118,"href":"https:\/\/eldiariodesanpedro.com.ar\/sitio\/wp-json\/wp\/v2\/posts\/92116\/revisions\/92118"}],"wp:featuredmedia":[{"embeddable":true,"href":"https:\/\/eldiariodesanpedro.com.ar\/sitio\/wp-json\/wp\/v2\/media\/92117"}],"wp:attachment":[{"href":"https:\/\/eldiariodesanpedro.com.ar\/sitio\/wp-json\/wp\/v2\/media?parent=92116"}],"wp:term":[{"taxonomy":"category","embeddable":true,"href":"https:\/\/eldiariodesanpedro.com.ar\/sitio\/wp-json\/wp\/v2\/categories?post=92116"},{"taxonomy":"post_tag","embeddable":true,"href":"https:\/\/eldiariodesanpedro.com.ar\/sitio\/wp-json\/wp\/v2\/tags?post=92116"}],"curies":[{"name":"wp","href":"https:\/\/api.w.org\/{rel}","templated":true}]}}