{"id":92103,"date":"2021-05-06T12:58:12","date_gmt":"2021-05-06T15:58:12","guid":{"rendered":"https:\/\/eldiariodesanpedro.com.ar\/sitio\/?p=92103"},"modified":"2021-05-06T12:58:16","modified_gmt":"2021-05-06T15:58:16","slug":"campana-un-hombre-fue-detenido-por-abusar-de-su-hijastra","status":"publish","type":"post","link":"https:\/\/eldiariodesanpedro.com.ar\/sitio\/campana-un-hombre-fue-detenido-por-abusar-de-su-hijastra\/","title":{"rendered":"CAMPANA | Un hombre fue detenido por abusar de su hijastra"},"content":{"rendered":"<!-- VideographyWP Plugin Message: Automatic video embedding prevented by plugin options. -->\n\n<p><strong>Un hombre de 37 a\u00f1os fue detenido por abusar de su hijastra, en Campana,&nbsp;informaron fuentes judiciales.<\/strong><\/p>\n\n\n\n<p>La detenci\u00f3n fue ordenada por el Tribunal Oral Criminal N\u00b0 1 de Z\u00e1rate \u2013 Campana luego de un proceso judicial que se inici\u00f3 con la denuncia radicada por la madre de la menor el 19 de diciembre de 2018.<\/p>\n\n\n\n<p>El hombre qued\u00f3 aprehendido bajo la imputaci\u00f3n de abuso sexual con acceso carnal agravado por el v\u00ednculo y la convivencia preexistente con la v\u00edctima.<\/p>\n\n\n\n<p>Fuente: <a href=\"https:\/\/impactolocal.com.ar\/2021\/05\/05\/un-hombre-fue-detenido-por-abusar-de-su-hijastra\/\">impacto Local<\/a><\/p>\n","protected":false},"excerpt":{"rendered":"<p>Un hombre de 37 a\u00f1os fue detenido por abusar de su hijastra, en Campana,&nbsp;informaron fuentes judiciales. La detenci\u00f3n fue ordenada por el Tribunal Oral Criminal N\u00b0 1 de Z\u00e1rate \u2013 Campana luego de un proceso judicial que se inici\u00f3 con la denuncia radicada por la madre de la menor el 19 de diciembre de 2018. [&hellip;]<\/p>\n","protected":false},"author":4,"featured_media":92104,"comment_status":"open","ping_status":"closed","sticky":false,"template":"","format":"standard","meta":{"om_disable_all_campaigns":false,"_jetpack_memberships_contains_paid_content":false,"footnotes":""},"categories":[621],"tags":[],"class_list":["post-92103","post","type-post","status-publish","format-standard","has-post-thumbnail","hentry","category-regionales"],"aioseo_notices":[],"gutentor_comment":0,"jetpack_featured_media_url":"https:\/\/eldiariodesanpedro.com.ar\/sitio\/wp-content\/uploads\/2021\/05\/detencion.jpg","jetpack_shortlink":"https:\/\/wp.me\/p6RhLt-nXx","jetpack_sharing_enabled":true,"_links":{"self":[{"href":"https:\/\/eldiariodesanpedro.com.ar\/sitio\/wp-json\/wp\/v2\/posts\/92103","targetHints":{"allow":["GET"]}}],"collection":[{"href":"https:\/\/eldiariodesanpedro.com.ar\/sitio\/wp-json\/wp\/v2\/posts"}],"about":[{"href":"https:\/\/eldiariodesanpedro.com.ar\/sitio\/wp-json\/wp\/v2\/types\/post"}],"author":[{"embeddable":true,"href":"https:\/\/eldiariodesanpedro.com.ar\/sitio\/wp-json\/wp\/v2\/users\/4"}],"replies":[{"embeddable":true,"href":"https:\/\/eldiariodesanpedro.com.ar\/sitio\/wp-json\/wp\/v2\/comments?post=92103"}],"version-history":[{"count":1,"href":"https:\/\/eldiariodesanpedro.com.ar\/sitio\/wp-json\/wp\/v2\/posts\/92103\/revisions"}],"predecessor-version":[{"id":92105,"href":"https:\/\/eldiariodesanpedro.com.ar\/sitio\/wp-json\/wp\/v2\/posts\/92103\/revisions\/92105"}],"wp:featuredmedia":[{"embeddable":true,"href":"https:\/\/eldiariodesanpedro.com.ar\/sitio\/wp-json\/wp\/v2\/media\/92104"}],"wp:attachment":[{"href":"https:\/\/eldiariodesanpedro.com.ar\/sitio\/wp-json\/wp\/v2\/media?parent=92103"}],"wp:term":[{"taxonomy":"category","embeddable":true,"href":"https:\/\/eldiariodesanpedro.com.ar\/sitio\/wp-json\/wp\/v2\/categories?post=92103"},{"taxonomy":"post_tag","embeddable":true,"href":"https:\/\/eldiariodesanpedro.com.ar\/sitio\/wp-json\/wp\/v2\/tags?post=92103"}],"curies":[{"name":"wp","href":"https:\/\/api.w.org\/{rel}","templated":true}]}}