{"id":92100,"date":"2021-05-06T12:45:36","date_gmt":"2021-05-06T15:45:36","guid":{"rendered":"https:\/\/eldiariodesanpedro.com.ar\/sitio\/?p=92100"},"modified":"2021-05-06T12:45:41","modified_gmt":"2021-05-06T15:45:41","slug":"provincia-reglamento-la-adhesion-a-la-ley-de-gondolas-nacional","status":"publish","type":"post","link":"https:\/\/eldiariodesanpedro.com.ar\/sitio\/provincia-reglamento-la-adhesion-a-la-ley-de-gondolas-nacional\/","title":{"rendered":"Provincia reglament\u00f3 la adhesi\u00f3n a la Ley de G\u00f3ndolas Nacional"},"content":{"rendered":"<!-- VideographyWP Plugin Message: Automatic video embedding prevented by plugin options. -->\n\n<p>A trav\u00e9s del Decreto 245\/2021, el Ejecutivo de Axel Kicillof aprob\u00f3 la reglamentaci\u00f3n de la Ley N\u00b0 15.199. La Subsecretar\u00eda de Desarrollo Comercial y Promoci\u00f3n de Inversiones ser\u00e1 la autoridad de aplicaci\u00f3n y tendr\u00e1 a su cargo, entre otras cuestiones, el establecimiento de los requisitos y condiciones de uso del isologotipo \u201cProducci\u00f3n Bonaerense\u201d y el acuerdo con los 135 Municipios para la fiscalizaci\u00f3n de lo previsto en la Ley.<\/p>\n\n\n\n<p>La norma que adhiere a la Ley Nacional 27.545 -denominada \u2018Ley de g\u00f3ndolas\u2019-, tiene por objetivo central garantizar que los productos regionales y de peque\u00f1as empresas tengan acceso a los grandes comercios y que \u201cel precio de los productos alimenticios, bebidas, de higiene y limpieza del hogar sea transparente y competitivo en beneficio de los consumidores\u201d, seg\u00fan se especifica.<\/p>\n\n\n\n<p>La legislaci\u00f3n establece, entre otros puntos, la creaci\u00f3n del isologotipo \u201cProducci\u00f3n Bonaerense\u201d que servir\u00e1 para identificar los productos elaborados por micro y peque\u00f1as empresas, cooperativas y sujetos del sector de la agricultura familiar, campesina e ind\u00edgena en el territorio provincial.<\/p>\n\n\n\n<p>Adem\u00e1s, estipula que las grandes superficies comerciales deber\u00e1n contar con una g\u00f3ndola espec\u00edfica de manufactura local.<\/p>\n\n\n\n<p>Isologotipo y fiscalizaci\u00f3n<\/p>\n\n\n\n<p>En la reglamentaci\u00f3n publicada y que lleva tambi\u00e9n las firmas del Jefe de Gabinete, Carlos Bianco, y del ministro de Producci\u00f3n, Ciencia e Innovaci\u00f3n Tecnol\u00f3gica, Augusto Costa, se determin\u00f3 que la Subsecretar\u00eda de Desarrollo Comercial y Promoci\u00f3n de Inversiones ser\u00e1 la autoridad de aplicaci\u00f3n.<\/p>\n\n\n\n<p>La misma tendr\u00e1 a su cargo, entre otras cuestiones, el establecimiento de los requisitos y condiciones de uso del isologotipo \u201cProducci\u00f3n Bonaerense\u201d y el acuerdo con los 135 Municipios para la fiscalizaci\u00f3n de lo previsto en la Ley.<em><br><br>Fuente: La Capital MDP<\/em><\/p>\n","protected":false},"excerpt":{"rendered":"<p>A trav\u00e9s del Decreto 245\/2021, el Ejecutivo de Axel Kicillof aprob\u00f3 la reglamentaci\u00f3n de la Ley N\u00b0 15.199. La Subsecretar\u00eda de Desarrollo Comercial y Promoci\u00f3n de Inversiones ser\u00e1 la autoridad de aplicaci\u00f3n y tendr\u00e1 a su cargo, entre otras cuestiones, el establecimiento de los requisitos y condiciones de uso del isologotipo \u201cProducci\u00f3n Bonaerense\u201d y el [&hellip;]<\/p>\n","protected":false},"author":4,"featured_media":92101,"comment_status":"open","ping_status":"closed","sticky":false,"template":"","format":"standard","meta":{"om_disable_all_campaigns":false,"_jetpack_memberships_contains_paid_content":false,"footnotes":""},"categories":[621],"tags":[],"class_list":["post-92100","post","type-post","status-publish","format-standard","has-post-thumbnail","hentry","category-regionales"],"aioseo_notices":[],"gutentor_comment":0,"jetpack_featured_media_url":"https:\/\/eldiariodesanpedro.com.ar\/sitio\/wp-content\/uploads\/2021\/05\/20210505073212.jpg","jetpack_shortlink":"https:\/\/wp.me\/p6RhLt-nXu","jetpack_sharing_enabled":true,"_links":{"self":[{"href":"https:\/\/eldiariodesanpedro.com.ar\/sitio\/wp-json\/wp\/v2\/posts\/92100","targetHints":{"allow":["GET"]}}],"collection":[{"href":"https:\/\/eldiariodesanpedro.com.ar\/sitio\/wp-json\/wp\/v2\/posts"}],"about":[{"href":"https:\/\/eldiariodesanpedro.com.ar\/sitio\/wp-json\/wp\/v2\/types\/post"}],"author":[{"embeddable":true,"href":"https:\/\/eldiariodesanpedro.com.ar\/sitio\/wp-json\/wp\/v2\/users\/4"}],"replies":[{"embeddable":true,"href":"https:\/\/eldiariodesanpedro.com.ar\/sitio\/wp-json\/wp\/v2\/comments?post=92100"}],"version-history":[{"count":1,"href":"https:\/\/eldiariodesanpedro.com.ar\/sitio\/wp-json\/wp\/v2\/posts\/92100\/revisions"}],"predecessor-version":[{"id":92102,"href":"https:\/\/eldiariodesanpedro.com.ar\/sitio\/wp-json\/wp\/v2\/posts\/92100\/revisions\/92102"}],"wp:featuredmedia":[{"embeddable":true,"href":"https:\/\/eldiariodesanpedro.com.ar\/sitio\/wp-json\/wp\/v2\/media\/92101"}],"wp:attachment":[{"href":"https:\/\/eldiariodesanpedro.com.ar\/sitio\/wp-json\/wp\/v2\/media?parent=92100"}],"wp:term":[{"taxonomy":"category","embeddable":true,"href":"https:\/\/eldiariodesanpedro.com.ar\/sitio\/wp-json\/wp\/v2\/categories?post=92100"},{"taxonomy":"post_tag","embeddable":true,"href":"https:\/\/eldiariodesanpedro.com.ar\/sitio\/wp-json\/wp\/v2\/tags?post=92100"}],"curies":[{"name":"wp","href":"https:\/\/api.w.org\/{rel}","templated":true}]}}