{"id":92097,"date":"2021-05-06T12:31:35","date_gmt":"2021-05-06T15:31:35","guid":{"rendered":"https:\/\/eldiariodesanpedro.com.ar\/sitio\/?p=92097"},"modified":"2021-05-06T12:31:40","modified_gmt":"2021-05-06T15:31:40","slug":"ramallo-una-familia-de-ramallo-pide-ayuda-para-operar-a-su-bebe","status":"publish","type":"post","link":"https:\/\/eldiariodesanpedro.com.ar\/sitio\/ramallo-una-familia-de-ramallo-pide-ayuda-para-operar-a-su-bebe\/","title":{"rendered":"RAMALLO | Una familia de Ramallo pide ayuda para operar a su beb\u00e9"},"content":{"rendered":"<!-- VideographyWP Plugin Message: Automatic video embedding prevented by plugin options. -->\n\n<p>El vecino de Ramallo Emiliano Del Valle junto a toda su familia, piden ayuda a la comunidad para poder solventar los gastos m\u00e9dicos y concretar un trasplante de ri\u00f1ones que necesita su beb\u00e9 Felipe, quien padece de insuficiencia renal cr\u00f3nica.<\/p>\n\n\n\n<p>En su cuenta de Facebook Emiliano manifest\u00f3: \u00abMi familia y yo estamos luchando por la vida de nuestro hijo que hoy est\u00e1 atravesando por una enfermedad llamada insuficiencia renal cr\u00f3nica. Debemos realizarle di\u00e1lisis y m\u00e1s adelante un trasplante de ri\u00f1ones\u00bb.<\/p>\n\n\n\n<p>\u00abLos gastos son altos, para el transporte nos est\u00e1 ayudando el municipio pero hay much\u00edsimas cosas y que no podemos solventar ya que debido a las circunstancias s\u00f3lo trabajo tres d\u00edas a la semana, los dem\u00e1s d\u00edas viajamos a la plata con nuestro beb\u00e9\u00bb.<\/p>\n\n\n\n<p>\u00abSi los amigos, vecinos, conocidos y conocidos de los conocidos se solidarizan, nos ayudar\u00edan much\u00edsimo para poder cubrir los gastos diarios de todo lo que realmente necesita nuestro hijo. No hace falta que donen 1000 pesos, s\u00f3lo con 10 pesos por cada uno de nuestros vecinos amigos y conocidos eso va a sumar\u00bb.<\/p>\n\n\n\n<p>\u00abAhora que llegan los momentos m\u00e1s dif\u00edciles. Di\u00e1lisis y luego el trasplante para mi beb\u00e9\u00bb.<\/p>\n\n\n\n<p>\u00abTodo suma, un granito de arena puede hacer el milagro. Les pedimos disculpas por la situaci\u00f3n, much\u00edsimas gracias\u00bb. Para colaborar con Feli pod\u00e9s comunicarte al: 3407472693<\/p>\n\n\n\n<p>Fuente: <a href=\"https:\/\/www.metafm.com.ar\/nota\/una-familia-de-ramallo-pide-ayuda-para-operar-a-su-bebe\/5098#\">Meta Fm<\/a><\/p>\n","protected":false},"excerpt":{"rendered":"<p>El vecino de Ramallo Emiliano Del Valle junto a toda su familia, piden ayuda a la comunidad para poder solventar los gastos m\u00e9dicos y concretar un trasplante de ri\u00f1ones que necesita su beb\u00e9 Felipe, quien padece de insuficiencia renal cr\u00f3nica. En su cuenta de Facebook Emiliano manifest\u00f3: \u00abMi familia y yo estamos luchando por la [&hellip;]<\/p>\n","protected":false},"author":4,"featured_media":92098,"comment_status":"open","ping_status":"closed","sticky":false,"template":"","format":"standard","meta":{"om_disable_all_campaigns":false,"_jetpack_memberships_contains_paid_content":false,"footnotes":""},"categories":[621],"tags":[],"class_list":["post-92097","post","type-post","status-publish","format-standard","has-post-thumbnail","hentry","category-regionales"],"aioseo_notices":[],"gutentor_comment":0,"jetpack_featured_media_url":"https:\/\/eldiariodesanpedro.com.ar\/sitio\/wp-content\/uploads\/2021\/05\/16203108130.jpg","jetpack_shortlink":"https:\/\/wp.me\/p6RhLt-nXr","jetpack_sharing_enabled":true,"_links":{"self":[{"href":"https:\/\/eldiariodesanpedro.com.ar\/sitio\/wp-json\/wp\/v2\/posts\/92097","targetHints":{"allow":["GET"]}}],"collection":[{"href":"https:\/\/eldiariodesanpedro.com.ar\/sitio\/wp-json\/wp\/v2\/posts"}],"about":[{"href":"https:\/\/eldiariodesanpedro.com.ar\/sitio\/wp-json\/wp\/v2\/types\/post"}],"author":[{"embeddable":true,"href":"https:\/\/eldiariodesanpedro.com.ar\/sitio\/wp-json\/wp\/v2\/users\/4"}],"replies":[{"embeddable":true,"href":"https:\/\/eldiariodesanpedro.com.ar\/sitio\/wp-json\/wp\/v2\/comments?post=92097"}],"version-history":[{"count":1,"href":"https:\/\/eldiariodesanpedro.com.ar\/sitio\/wp-json\/wp\/v2\/posts\/92097\/revisions"}],"predecessor-version":[{"id":92099,"href":"https:\/\/eldiariodesanpedro.com.ar\/sitio\/wp-json\/wp\/v2\/posts\/92097\/revisions\/92099"}],"wp:featuredmedia":[{"embeddable":true,"href":"https:\/\/eldiariodesanpedro.com.ar\/sitio\/wp-json\/wp\/v2\/media\/92098"}],"wp:attachment":[{"href":"https:\/\/eldiariodesanpedro.com.ar\/sitio\/wp-json\/wp\/v2\/media?parent=92097"}],"wp:term":[{"taxonomy":"category","embeddable":true,"href":"https:\/\/eldiariodesanpedro.com.ar\/sitio\/wp-json\/wp\/v2\/categories?post=92097"},{"taxonomy":"post_tag","embeddable":true,"href":"https:\/\/eldiariodesanpedro.com.ar\/sitio\/wp-json\/wp\/v2\/tags?post=92097"}],"curies":[{"name":"wp","href":"https:\/\/api.w.org\/{rel}","templated":true}]}}