{"id":92094,"date":"2021-05-06T12:29:02","date_gmt":"2021-05-06T15:29:02","guid":{"rendered":"https:\/\/eldiariodesanpedro.com.ar\/sitio\/?p=92094"},"modified":"2021-05-06T12:29:07","modified_gmt":"2021-05-06T15:29:07","slug":"ramallo-comenzaran-con-los-testeos-en-las-escuelas","status":"publish","type":"post","link":"https:\/\/eldiariodesanpedro.com.ar\/sitio\/ramallo-comenzaran-con-los-testeos-en-las-escuelas\/","title":{"rendered":"RAMALLO | Comenzaran con los testeos en las escuelas"},"content":{"rendered":"<!-- VideographyWP Plugin Message: Automatic video embedding prevented by plugin options. -->\n\n<p>En los pr\u00f3ximos d\u00edas comenzar\u00e1n los testeos a los docentes y auxiliares para detectar posibles casos de COVID-19 en las escuelas de Ramallo. La coordinaci\u00f3n estar\u00e1 a cargo de Jefatura distrital de Educaci\u00f3n y del personal sanitario del hospital \u201cJos\u00e9 Mar\u00eda Gomendio\u201d. Llegaron a Ramallo 200 cajas con 25 kits cada una de testeo para que se pueda seguir avanzando en la lucha contra la pandemia. Los controles se realizar\u00e1n en instituciones educativas de nivel inicial, primario y secundario a fin de detectar casos asintom\u00e1ticos de COVID-19 en el cuerpo docente y el personal no docente.<\/p>\n\n\n\n<p>Las escuelas ser\u00e1n visitadas por un equipo de salud, encargado de coordinar la realizaci\u00f3n de las pruebas y de aplicar los protocolos sanitarios correspondientes en caso de existir un resultado de COVID-19 positivo. En cada visita, se realizar\u00e1n entre 3 y 15 testeos aleatorios, dependiendo de la cantidad de personal de cada instituci\u00f3n. Para realizar los testeos, se utilizar\u00e1 la prueba de ant\u00edgeno nasal.<\/p>\n\n\n\n<p>La medida forma parte del Plan Jurisdiccional que incluye la detecci\u00f3n temprana de un caso positivo del personal de la comunidad educativa, el procesamiento precoz de las muestras diagn\u00f3sticas, el monitoreo de casos sospechosos, casos confirmados y contactos estrechos, entre otras acciones dentro de los establecimientos educativos.<\/p>\n\n\n\n<p>Desde la Jefatura Distrital de Educaci\u00f3n se\u00f1alaron que todav\u00eda se est\u00e1 definiendo la log\u00edstica y que se realizar\u00e1 con personal de salud del Hospital Jos\u00e9 Mar\u00eda Gomendio.<\/p>\n\n\n\n<p>La Inspectora, Alejandra Signo, se reuni\u00f3 con el Director del Hospital, Dr. Guillermo Van Kemenade, y la jefa de Epidemiologia, Dr. Alicia Matacota para trabajar en la articulaci\u00f3n entre Educaci\u00f3n y Salud en el marco del Plan Integral de Vigilancia Epidemiol\u00f3gica en las Escuelas.<\/p>\n\n\n\n<p>Los testeos se realizar\u00e1n en cada escuela, que ser\u00e1 visitada por un equipo de salud, el cual realizar\u00e1 las pruebas. En cada establecimiento se realizar\u00e1n entre 3 y 15 testeos, dependiendo del tama\u00f1o del plantel de trabajo.<\/p>\n\n\n\n<p>Se utilizar\u00e1 la prueba r\u00e1pida de ant\u00edgeno nasal que permite la realizaci\u00f3n de auto-toma por parte de la persona testeada bajo la supervisi\u00f3n del personal de salud.<\/p>\n","protected":false},"excerpt":{"rendered":"<p>En los pr\u00f3ximos d\u00edas comenzar\u00e1n los testeos a los docentes y auxiliares para detectar posibles casos de COVID-19 en las escuelas de Ramallo. La coordinaci\u00f3n estar\u00e1 a cargo de Jefatura distrital de Educaci\u00f3n y del personal sanitario del hospital \u201cJos\u00e9 Mar\u00eda Gomendio\u201d. Llegaron a Ramallo 200 cajas con 25 kits cada una de testeo para [&hellip;]<\/p>\n","protected":false},"author":4,"featured_media":92095,"comment_status":"open","ping_status":"closed","sticky":false,"template":"","format":"standard","meta":{"om_disable_all_campaigns":false,"_jetpack_memberships_contains_paid_content":false,"footnotes":""},"categories":[621],"tags":[],"class_list":["post-92094","post","type-post","status-publish","format-standard","has-post-thumbnail","hentry","category-regionales"],"aioseo_notices":[],"gutentor_comment":0,"jetpack_featured_media_url":"https:\/\/eldiariodesanpedro.com.ar\/sitio\/wp-content\/uploads\/2021\/05\/resize_1620256408.jpg","jetpack_shortlink":"https:\/\/wp.me\/p6RhLt-nXo","jetpack_sharing_enabled":true,"_links":{"self":[{"href":"https:\/\/eldiariodesanpedro.com.ar\/sitio\/wp-json\/wp\/v2\/posts\/92094","targetHints":{"allow":["GET"]}}],"collection":[{"href":"https:\/\/eldiariodesanpedro.com.ar\/sitio\/wp-json\/wp\/v2\/posts"}],"about":[{"href":"https:\/\/eldiariodesanpedro.com.ar\/sitio\/wp-json\/wp\/v2\/types\/post"}],"author":[{"embeddable":true,"href":"https:\/\/eldiariodesanpedro.com.ar\/sitio\/wp-json\/wp\/v2\/users\/4"}],"replies":[{"embeddable":true,"href":"https:\/\/eldiariodesanpedro.com.ar\/sitio\/wp-json\/wp\/v2\/comments?post=92094"}],"version-history":[{"count":1,"href":"https:\/\/eldiariodesanpedro.com.ar\/sitio\/wp-json\/wp\/v2\/posts\/92094\/revisions"}],"predecessor-version":[{"id":92096,"href":"https:\/\/eldiariodesanpedro.com.ar\/sitio\/wp-json\/wp\/v2\/posts\/92094\/revisions\/92096"}],"wp:featuredmedia":[{"embeddable":true,"href":"https:\/\/eldiariodesanpedro.com.ar\/sitio\/wp-json\/wp\/v2\/media\/92095"}],"wp:attachment":[{"href":"https:\/\/eldiariodesanpedro.com.ar\/sitio\/wp-json\/wp\/v2\/media?parent=92094"}],"wp:term":[{"taxonomy":"category","embeddable":true,"href":"https:\/\/eldiariodesanpedro.com.ar\/sitio\/wp-json\/wp\/v2\/categories?post=92094"},{"taxonomy":"post_tag","embeddable":true,"href":"https:\/\/eldiariodesanpedro.com.ar\/sitio\/wp-json\/wp\/v2\/tags?post=92094"}],"curies":[{"name":"wp","href":"https:\/\/api.w.org\/{rel}","templated":true}]}}