{"id":92091,"date":"2021-05-06T12:22:36","date_gmt":"2021-05-06T15:22:36","guid":{"rendered":"https:\/\/eldiariodesanpedro.com.ar\/sitio\/?p=92091"},"modified":"2021-05-06T12:22:41","modified_gmt":"2021-05-06T15:22:41","slug":"baradero-inclusion-ingreso-al-plantel-municipal-la-primer-mujer-trans","status":"publish","type":"post","link":"https:\/\/eldiariodesanpedro.com.ar\/sitio\/baradero-inclusion-ingreso-al-plantel-municipal-la-primer-mujer-trans\/","title":{"rendered":"BARADERO | Inclusi\u00f3n: Ingres\u00f3 al plantel municipal la primer mujer trans"},"content":{"rendered":"<!-- VideographyWP Plugin Message: Automatic video embedding prevented by plugin options. -->\n\n<p>Del muro de facebook de Gian barras, Director de Derechos Humanos del municipio:<\/p>\n\n\n\n<p>Por primera vez en la historia, ingresa a trabajar al municipio una compa\u00f1era en cumplimiento de la Ley Provincial de Cupo Laboral Trans y la ordenanza municipal de acceso al trabajo para personas trans.<\/p>\n\n\n\n<p>Despu\u00e9s de tantos a\u00f1os de lucha colectiva, el sue\u00f1o se cumple y se empiezan a transformar realidades. Realidades que son atravesadas por la discriminaci\u00f3n y la vulneraci\u00f3n de los derechos fundamentales.<\/p>\n\n\n\n<p>\u00bfFalta? S\u00ed, much\u00edsimo. Pero se dio el puntapi\u00e9 inicial y ojal\u00e1 esto tambi\u00e9n sea replicador para todos los sectores.<\/p>\n\n\n\n<p>Agradecimientos para el Intendente MunicipalEsteban Sanzio, el Subsecretario de SeguridadSergio Lucero, a&nbsp;Erika Carlsson y&nbsp;Leticia Houriet<\/p>\n\n\n\n<p>que nos acompa\u00f1\u00f3 en la lucha durante todos estos a\u00f1os. Tambi\u00e9n para&nbsp;Daniela Emma Castro&nbsp;y&nbsp;Nicol\u00e1s Abratte que nos acompa\u00f1an desde la gesti\u00f3n Provincial.<\/p>\n\n\n\n<p>Agradecimiento aparte para todes les compa\u00f1eres que durante a\u00f1os se pusieron la lucha al hombro.Emma Ch, todo el acompa\u00f1amiento en esta nueva y hermosa etapa que inicias<\/p>\n\n\n\n<p>Fuente: <a href=\"https:\/\/www.baraderoteinforma.com.ar\/inclusion-ingreso-al-plantel-municipal-la-primer-mujer-trans\/\">Baradero Te Informa<\/a><\/p>\n","protected":false},"excerpt":{"rendered":"<p>Del muro de facebook de Gian barras, Director de Derechos Humanos del municipio: Por primera vez en la historia, ingresa a trabajar al municipio una compa\u00f1era en cumplimiento de la Ley Provincial de Cupo Laboral Trans y la ordenanza municipal de acceso al trabajo para personas trans. Despu\u00e9s de tantos a\u00f1os de lucha colectiva, el [&hellip;]<\/p>\n","protected":false},"author":4,"featured_media":92092,"comment_status":"open","ping_status":"closed","sticky":false,"template":"","format":"standard","meta":{"om_disable_all_campaigns":false,"_jetpack_memberships_contains_paid_content":false,"footnotes":""},"categories":[621],"tags":[],"class_list":["post-92091","post","type-post","status-publish","format-standard","has-post-thumbnail","hentry","category-regionales"],"aioseo_notices":[],"gutentor_comment":0,"jetpack_featured_media_url":"https:\/\/eldiariodesanpedro.com.ar\/sitio\/wp-content\/uploads\/2021\/05\/181685825_10225446387365533_6226090049308388348_n.jpg","jetpack_shortlink":"https:\/\/wp.me\/p6RhLt-nXl","jetpack_sharing_enabled":true,"_links":{"self":[{"href":"https:\/\/eldiariodesanpedro.com.ar\/sitio\/wp-json\/wp\/v2\/posts\/92091","targetHints":{"allow":["GET"]}}],"collection":[{"href":"https:\/\/eldiariodesanpedro.com.ar\/sitio\/wp-json\/wp\/v2\/posts"}],"about":[{"href":"https:\/\/eldiariodesanpedro.com.ar\/sitio\/wp-json\/wp\/v2\/types\/post"}],"author":[{"embeddable":true,"href":"https:\/\/eldiariodesanpedro.com.ar\/sitio\/wp-json\/wp\/v2\/users\/4"}],"replies":[{"embeddable":true,"href":"https:\/\/eldiariodesanpedro.com.ar\/sitio\/wp-json\/wp\/v2\/comments?post=92091"}],"version-history":[{"count":1,"href":"https:\/\/eldiariodesanpedro.com.ar\/sitio\/wp-json\/wp\/v2\/posts\/92091\/revisions"}],"predecessor-version":[{"id":92093,"href":"https:\/\/eldiariodesanpedro.com.ar\/sitio\/wp-json\/wp\/v2\/posts\/92091\/revisions\/92093"}],"wp:featuredmedia":[{"embeddable":true,"href":"https:\/\/eldiariodesanpedro.com.ar\/sitio\/wp-json\/wp\/v2\/media\/92092"}],"wp:attachment":[{"href":"https:\/\/eldiariodesanpedro.com.ar\/sitio\/wp-json\/wp\/v2\/media?parent=92091"}],"wp:term":[{"taxonomy":"category","embeddable":true,"href":"https:\/\/eldiariodesanpedro.com.ar\/sitio\/wp-json\/wp\/v2\/categories?post=92091"},{"taxonomy":"post_tag","embeddable":true,"href":"https:\/\/eldiariodesanpedro.com.ar\/sitio\/wp-json\/wp\/v2\/tags?post=92091"}],"curies":[{"name":"wp","href":"https:\/\/api.w.org\/{rel}","templated":true}]}}