{"id":92088,"date":"2021-05-06T12:20:28","date_gmt":"2021-05-06T15:20:28","guid":{"rendered":"https:\/\/eldiariodesanpedro.com.ar\/sitio\/?p=92088"},"modified":"2021-05-06T12:20:33","modified_gmt":"2021-05-06T15:20:33","slug":"baradero-patrimonio-historico-demolian-la-cornisa-de-una-casona-antigua","status":"publish","type":"post","link":"https:\/\/eldiariodesanpedro.com.ar\/sitio\/baradero-patrimonio-historico-demolian-la-cornisa-de-una-casona-antigua\/","title":{"rendered":"BARADERO | Patrimonio Hist\u00f3rico: Demol\u00edan la cornisa de una casona antigua"},"content":{"rendered":"<!-- VideographyWP Plugin Message: Automatic video embedding prevented by plugin options. -->\n\n<p>Los vecinos de calle Anchorena al 1200, entre Darragueira y Colombres, se encontraron con la novedad de que alba\u00f1iles hab\u00edan comenzado a demoler la cornisa de una casona donde por mucho tiempo funcion\u00f3 una pizzeria.<\/p>\n\n\n\n<p>Tambi\u00e9n les llam\u00f3 la atenci\u00f3n por grietas que se generaron en el frente del local pensando en el riesgo que eso conlleva.<\/p>\n\n\n\n<p>Alertado por los mismos vecinos, la direcci\u00f3n de obras del municipio, envi\u00f3 inspectores al lugar que detuvieron de inmediato el avance de la demolici\u00f3n.<\/p>\n\n\n\n<p>Desde la direcci\u00f3n confirmaron que no hay ning\u00fan pedido de autorizaci\u00f3n para realizar alguna obra en ese lugar y van a ponerse en contacto con los propietarios para conocer el motivo de esta obra.<\/p>\n\n\n\n<p>Recordemos que nuestro municipio tiene una ordenanza que protege los frentes de las construcciones dentro de un radio al que se llam\u00f3 casco hist\u00f3rico.<\/p>\n\n\n\n<p>Esta ordenanza expresa claramente que no se puede reformar o demoler los frentes sin previa autorizaci\u00f3n y control del municipio.<\/p>\n\n\n\n<p>Fuente: <a href=\"https:\/\/www.baraderoteinforma.com.ar\/patrimonio-historico-demolian-la-cornisa-de-una-casona-antigua\/\">Baradero te Informa<\/a><\/p>\n","protected":false},"excerpt":{"rendered":"<p>Los vecinos de calle Anchorena al 1200, entre Darragueira y Colombres, se encontraron con la novedad de que alba\u00f1iles hab\u00edan comenzado a demoler la cornisa de una casona donde por mucho tiempo funcion\u00f3 una pizzeria. Tambi\u00e9n les llam\u00f3 la atenci\u00f3n por grietas que se generaron en el frente del local pensando en el riesgo que [&hellip;]<\/p>\n","protected":false},"author":4,"featured_media":92089,"comment_status":"open","ping_status":"closed","sticky":false,"template":"","format":"standard","meta":{"om_disable_all_campaigns":false,"_jetpack_memberships_contains_paid_content":false,"footnotes":""},"categories":[621],"tags":[],"class_list":["post-92088","post","type-post","status-publish","format-standard","has-post-thumbnail","hentry","category-regionales"],"aioseo_notices":[],"gutentor_comment":0,"jetpack_featured_media_url":"https:\/\/eldiariodesanpedro.com.ar\/sitio\/wp-content\/uploads\/2021\/05\/c17b8fd1-99bc-41e3-9e6e-042c1daff6a5.jpg","jetpack_shortlink":"https:\/\/wp.me\/p6RhLt-nXi","jetpack_sharing_enabled":true,"_links":{"self":[{"href":"https:\/\/eldiariodesanpedro.com.ar\/sitio\/wp-json\/wp\/v2\/posts\/92088","targetHints":{"allow":["GET"]}}],"collection":[{"href":"https:\/\/eldiariodesanpedro.com.ar\/sitio\/wp-json\/wp\/v2\/posts"}],"about":[{"href":"https:\/\/eldiariodesanpedro.com.ar\/sitio\/wp-json\/wp\/v2\/types\/post"}],"author":[{"embeddable":true,"href":"https:\/\/eldiariodesanpedro.com.ar\/sitio\/wp-json\/wp\/v2\/users\/4"}],"replies":[{"embeddable":true,"href":"https:\/\/eldiariodesanpedro.com.ar\/sitio\/wp-json\/wp\/v2\/comments?post=92088"}],"version-history":[{"count":1,"href":"https:\/\/eldiariodesanpedro.com.ar\/sitio\/wp-json\/wp\/v2\/posts\/92088\/revisions"}],"predecessor-version":[{"id":92090,"href":"https:\/\/eldiariodesanpedro.com.ar\/sitio\/wp-json\/wp\/v2\/posts\/92088\/revisions\/92090"}],"wp:featuredmedia":[{"embeddable":true,"href":"https:\/\/eldiariodesanpedro.com.ar\/sitio\/wp-json\/wp\/v2\/media\/92089"}],"wp:attachment":[{"href":"https:\/\/eldiariodesanpedro.com.ar\/sitio\/wp-json\/wp\/v2\/media?parent=92088"}],"wp:term":[{"taxonomy":"category","embeddable":true,"href":"https:\/\/eldiariodesanpedro.com.ar\/sitio\/wp-json\/wp\/v2\/categories?post=92088"},{"taxonomy":"post_tag","embeddable":true,"href":"https:\/\/eldiariodesanpedro.com.ar\/sitio\/wp-json\/wp\/v2\/tags?post=92088"}],"curies":[{"name":"wp","href":"https:\/\/api.w.org\/{rel}","templated":true}]}}