{"id":92085,"date":"2021-05-06T12:16:58","date_gmt":"2021-05-06T15:16:58","guid":{"rendered":"https:\/\/eldiariodesanpedro.com.ar\/sitio\/?p=92085"},"modified":"2021-05-06T12:17:03","modified_gmt":"2021-05-06T15:17:03","slug":"baradero-golpeo-al-gerente-del-comercio-por-no-cuidar-a-sus-empleados","status":"publish","type":"post","link":"https:\/\/eldiariodesanpedro.com.ar\/sitio\/baradero-golpeo-al-gerente-del-comercio-por-no-cuidar-a-sus-empleados\/","title":{"rendered":"BARADERO | Golpe\u00f3 al gerente del comercio por no cuidar a sus empleados"},"content":{"rendered":"<!-- VideographyWP Plugin Message: Automatic video embedding prevented by plugin options. -->\n\n<p><a href=\"https:\/\/tulineadirecta.com\/author\/tulineadirecta1\/\"><\/a>El hecho sucedi\u00f3 en el d\u00eda de ayer cuando Rafael fue hacia un comercio c\u00e9ntrico y le propin\u00f3 un golpe de pu\u00f1o en la cara al Gerente. El motivo radica en que la empresa permiti\u00f3 durante todo este tiempo que su cu\u00f1ado, quien es paciente de riesgo, siga yendo a trabajar a pesar de encontrarnos en una pandemia por el coronavirus. Ahora su cu\u00f1ado se encuentra en Terapia Intensiva de la Cl\u00ednica por encontrarse contagiado de la enfermedad.<\/p>\n\n\n\n<p>Rafael relat\u00f3 a Tu Radio que ayer le avisaron desde la Cl\u00ednica que su cu\u00f1ado se hab\u00eda descompensado y de la impotencia se dirigi\u00f3 hacia el comercio de calle Anchorena.<\/p>\n\n\n\n<p>\u201cLe pregunt\u00e9 al gerente qu\u00e9 hac\u00eda mi cu\u00f1ado trabajando en el lugar si era asm\u00e1tico, por lo que me responde \u201c\u00bfy entonces para que segu\u00eda viniendo a trabajar?\u201d.<\/p>\n\n\n\n<p>Adem\u00e1s, alude que desde la cadena comercial nunca se preocuparon por la salud de su cu\u00f1ado.<\/p>\n\n\n\n<p>\u201cEl gerente es un c\u00ednico y una mala persona\u201d, agreg\u00f3.<\/p>\n\n\n\n<p>Por otro lado, acus\u00f3 que en el d\u00eda de ayer llamaron a su hermana desde la Cl\u00ednica avis\u00e1ndole que su pareja se hab\u00eda descompensado y deb\u00eda ir a comprar un medicamento porque ellos no lo ten\u00edan.<\/p>\n\n\n\n<p>Fuente: Tu linea Directa<\/p>\n","protected":false},"excerpt":{"rendered":"<p>El hecho sucedi\u00f3 en el d\u00eda de ayer cuando Rafael fue hacia un comercio c\u00e9ntrico y le propin\u00f3 un golpe de pu\u00f1o en la cara al Gerente. El motivo radica en que la empresa permiti\u00f3 durante todo este tiempo que su cu\u00f1ado, quien es paciente de riesgo, siga yendo a trabajar a pesar de encontrarnos [&hellip;]<\/p>\n","protected":false},"author":4,"featured_media":92086,"comment_status":"open","ping_status":"closed","sticky":false,"template":"","format":"standard","meta":{"om_disable_all_campaigns":false,"_jetpack_memberships_contains_paid_content":false,"footnotes":""},"categories":[621],"tags":[],"class_list":["post-92085","post","type-post","status-publish","format-standard","has-post-thumbnail","hentry","category-regionales"],"aioseo_notices":[],"gutentor_comment":0,"jetpack_featured_media_url":"https:\/\/eldiariodesanpedro.com.ar\/sitio\/wp-content\/uploads\/2021\/05\/WhatsApp-Image-2021-05-05-at-10.04.42-AM-1.jpeg","jetpack_shortlink":"https:\/\/wp.me\/p6RhLt-nXf","jetpack_sharing_enabled":true,"_links":{"self":[{"href":"https:\/\/eldiariodesanpedro.com.ar\/sitio\/wp-json\/wp\/v2\/posts\/92085","targetHints":{"allow":["GET"]}}],"collection":[{"href":"https:\/\/eldiariodesanpedro.com.ar\/sitio\/wp-json\/wp\/v2\/posts"}],"about":[{"href":"https:\/\/eldiariodesanpedro.com.ar\/sitio\/wp-json\/wp\/v2\/types\/post"}],"author":[{"embeddable":true,"href":"https:\/\/eldiariodesanpedro.com.ar\/sitio\/wp-json\/wp\/v2\/users\/4"}],"replies":[{"embeddable":true,"href":"https:\/\/eldiariodesanpedro.com.ar\/sitio\/wp-json\/wp\/v2\/comments?post=92085"}],"version-history":[{"count":1,"href":"https:\/\/eldiariodesanpedro.com.ar\/sitio\/wp-json\/wp\/v2\/posts\/92085\/revisions"}],"predecessor-version":[{"id":92087,"href":"https:\/\/eldiariodesanpedro.com.ar\/sitio\/wp-json\/wp\/v2\/posts\/92085\/revisions\/92087"}],"wp:featuredmedia":[{"embeddable":true,"href":"https:\/\/eldiariodesanpedro.com.ar\/sitio\/wp-json\/wp\/v2\/media\/92086"}],"wp:attachment":[{"href":"https:\/\/eldiariodesanpedro.com.ar\/sitio\/wp-json\/wp\/v2\/media?parent=92085"}],"wp:term":[{"taxonomy":"category","embeddable":true,"href":"https:\/\/eldiariodesanpedro.com.ar\/sitio\/wp-json\/wp\/v2\/categories?post=92085"},{"taxonomy":"post_tag","embeddable":true,"href":"https:\/\/eldiariodesanpedro.com.ar\/sitio\/wp-json\/wp\/v2\/tags?post=92085"}],"curies":[{"name":"wp","href":"https:\/\/api.w.org\/{rel}","templated":true}]}}