{"id":92082,"date":"2021-05-06T12:00:05","date_gmt":"2021-05-06T15:00:05","guid":{"rendered":"https:\/\/eldiariodesanpedro.com.ar\/sitio\/?p=92082"},"modified":"2021-05-06T12:00:10","modified_gmt":"2021-05-06T15:00:10","slug":"calculan-que-la-provincia-alcanzo-el-pico-de-contagios","status":"publish","type":"post","link":"https:\/\/eldiariodesanpedro.com.ar\/sitio\/calculan-que-la-provincia-alcanzo-el-pico-de-contagios\/","title":{"rendered":"Calculan que la Provincia alcanz\u00f3 el pico de contagios"},"content":{"rendered":"<!-- VideographyWP Plugin Message: Automatic video embedding prevented by plugin options. -->\n\n<p>Investigadores de la UNTREF utilizaron su modelo de c\u00e1lculo matem\u00e1tico para conocer el n\u00famero de contagios. A nivel nacional, el pico se produjo el 1\u00b0 de marzo.<\/p>\n\n\n\n<p>Para estimar la m\u00e1xima de contagios durante la segunda ola de coronavirus en el pa\u00eds, investigadores de la Universidad Nacional de Tres de Febrero (UNTREF) volvieron a utilizar su modelo de c\u00e1lculo matem\u00e1tico, que toma en cuenta el tiempo medio entre dos infecciones consecutivas en una misma poblaci\u00f3n. Seg\u00fan este modelo, el pico de la segunda ola ya se habr\u00eda alcanzado tanto a nivel nacional como provincial.<\/p>\n\n\n\n<p>Seg\u00fan las estimaciones del Modelo de Contagios Generalizado (MCG) desarrollado por la universidad bonaerense, el m\u00e1ximo se registr\u00f3 al producirse un caso cada 3.16 segundos desde el 1\u00b0 de marzo pasado en Argentina. En la provincia de Buenos Aires, en tanto, se produjo el 30 de abril pasado con un contagio cada 6.12 segundos, dijeron los investigadores, seg\u00fan consigna T\u00e9lam.<\/p>\n\n\n\n<p>En tanto, en la Ciudad de Buenos Aires, el pico se registr\u00f3 el 1 de mayo, al producirse un contagio cada 24.51 segundos, mientras que d\u00edas atr\u00e1s C\u00f3rdoba llegaba a su m\u00e1ximo con un contagio cada 44.9 segundos.<\/p>\n\n\n\n<p>Para elaborar el modelo, los expertos tambi\u00e9n recaban datos de la movilidad en la poblaci\u00f3n, indicada por el desplazamiento registrado en los dispositivos celulares. En este sentido, observaron \u00abun aumento de un 10% de la movilidad respecto del registro en el mes de enero, lo que provoc\u00f3 la suba de contagios\u00bb.<\/p>\n\n\n\n<p>Adem\u00e1s, indicaron que la movilidad tambi\u00e9n es cerca de un 10% mayor a la que se registr\u00f3 en el pico de la primera ola, durante el mes de octubre, y advirtieron que, de no revertirse este comportamiento, \u00abno se esperan grandes variaciones en el n\u00famero de infectados diarios\u00bb.<\/p>\n\n\n\n<p>\u201cNuestro indicador aumenta apenas cent\u00e9simas de segundo por d\u00eda. Un mayor aumento solo se lograr\u00eda con una mayor restricci\u00f3n de movilidad\u00bb, sostuvieron los investigadores de Ingenier\u00eda en Computaci\u00f3n.<\/p>\n\n\n\n<p><strong>El Modelo de Contagios Generalizado de la UNTREF<\/strong><\/p>\n\n\n\n<p>Desarrollado por el doctor N\u00e9stor R. Barraza, la doctora Ver\u00f3nica Moreno y el ingeniero Gabriel Pena, el modelo aporta el indicador Mean Time Between Infections (MTBI), que mide el promedio del tiempo que transcurre entre dos infecciones consecutivas en toda la poblaci\u00f3n, correspondan o no al mismo individuo y est\u00e9n o no separadas en distancia. Este indicador se mide en unidad de tiempo y se obtiene de los datos de infectados.<\/p>\n\n\n\n<p>Al comienzo de la epidemia, este indicador va disminuyendo su valor, ya que las infecciones se producen cada vez m\u00e1s r\u00e1pido, y al alcanzarse el pico en la tasa de contagios (n\u00famero de infecciones por d\u00eda) asume un valor casi constante.<\/p>\n\n\n\n<p>Luego del pico, explican desde la universidad, comienza a aumentar su valor, ya que las infecciones se producen m\u00e1s espor\u00e1dicamente. \u00abDe lo que se desprende que predecir el m\u00ednimo de este indicador equivale a predecir el momento en que se produce el pico en la tasa de contagios de la poblaci\u00f3n\u00bb, argumentan.<\/p>\n","protected":false},"excerpt":{"rendered":"<p>Investigadores de la UNTREF utilizaron su modelo de c\u00e1lculo matem\u00e1tico para conocer el n\u00famero de contagios. A nivel nacional, el pico se produjo el 1\u00b0 de marzo. Para estimar la m\u00e1xima de contagios durante la segunda ola de coronavirus en el pa\u00eds, investigadores de la Universidad Nacional de Tres de Febrero (UNTREF) volvieron a utilizar [&hellip;]<\/p>\n","protected":false},"author":4,"featured_media":92083,"comment_status":"open","ping_status":"closed","sticky":false,"template":"","format":"standard","meta":{"om_disable_all_campaigns":false,"_jetpack_memberships_contains_paid_content":false,"footnotes":""},"categories":[621],"tags":[],"class_list":["post-92082","post","type-post","status-publish","format-standard","has-post-thumbnail","hentry","category-regionales"],"aioseo_notices":[],"gutentor_comment":0,"jetpack_featured_media_url":"https:\/\/eldiariodesanpedro.com.ar\/sitio\/wp-content\/uploads\/2021\/05\/segun-los-investigadores-la-untref-la-provincia-y-el-pais-alcanzaron-el-record-contagio.jpg","jetpack_shortlink":"https:\/\/wp.me\/p6RhLt-nXc","jetpack_sharing_enabled":true,"_links":{"self":[{"href":"https:\/\/eldiariodesanpedro.com.ar\/sitio\/wp-json\/wp\/v2\/posts\/92082","targetHints":{"allow":["GET"]}}],"collection":[{"href":"https:\/\/eldiariodesanpedro.com.ar\/sitio\/wp-json\/wp\/v2\/posts"}],"about":[{"href":"https:\/\/eldiariodesanpedro.com.ar\/sitio\/wp-json\/wp\/v2\/types\/post"}],"author":[{"embeddable":true,"href":"https:\/\/eldiariodesanpedro.com.ar\/sitio\/wp-json\/wp\/v2\/users\/4"}],"replies":[{"embeddable":true,"href":"https:\/\/eldiariodesanpedro.com.ar\/sitio\/wp-json\/wp\/v2\/comments?post=92082"}],"version-history":[{"count":1,"href":"https:\/\/eldiariodesanpedro.com.ar\/sitio\/wp-json\/wp\/v2\/posts\/92082\/revisions"}],"predecessor-version":[{"id":92084,"href":"https:\/\/eldiariodesanpedro.com.ar\/sitio\/wp-json\/wp\/v2\/posts\/92082\/revisions\/92084"}],"wp:featuredmedia":[{"embeddable":true,"href":"https:\/\/eldiariodesanpedro.com.ar\/sitio\/wp-json\/wp\/v2\/media\/92083"}],"wp:attachment":[{"href":"https:\/\/eldiariodesanpedro.com.ar\/sitio\/wp-json\/wp\/v2\/media?parent=92082"}],"wp:term":[{"taxonomy":"category","embeddable":true,"href":"https:\/\/eldiariodesanpedro.com.ar\/sitio\/wp-json\/wp\/v2\/categories?post=92082"},{"taxonomy":"post_tag","embeddable":true,"href":"https:\/\/eldiariodesanpedro.com.ar\/sitio\/wp-json\/wp\/v2\/tags?post=92082"}],"curies":[{"name":"wp","href":"https:\/\/api.w.org\/{rel}","templated":true}]}}