{"id":92075,"date":"2021-05-06T11:42:11","date_gmt":"2021-05-06T14:42:11","guid":{"rendered":"https:\/\/eldiariodesanpedro.com.ar\/sitio\/?p=92075"},"modified":"2021-05-06T11:42:16","modified_gmt":"2021-05-06T14:42:16","slug":"edicto-de-sucesion-de-duro-adalberto","status":"publish","type":"post","link":"https:\/\/eldiariodesanpedro.com.ar\/sitio\/edicto-de-sucesion-de-duro-adalberto\/","title":{"rendered":"Edicto de Sucesi\u00f3n de Duro Adalberto"},"content":{"rendered":"<!-- VideographyWP Plugin Message: Automatic video embedding prevented by plugin options. -->\n\n<p>El Juzgado De Paz Letrado De San Pedro, Departamento Judicial de San Nicol\u00e1s, cita y emplaza por el t\u00e9rmino de treinta d\u00edas a herederos y acreedores de <strong>Duro Adalberto<\/strong>.-\u00a0 San Pedro,\u00a0 05 de Mayo de 2021.-<\/p>\n\n\n\n<p>DR. FACUNDO VELL\u00d3N<br>ABOGADO SECRETARIO<\/p>\n","protected":false},"excerpt":{"rendered":"<p>El Juzgado De Paz Letrado De San Pedro, Departamento Judicial de San Nicol\u00e1s, cita y emplaza por el t\u00e9rmino de treinta d\u00edas a herederos y acreedores de Duro Adalberto.-\u00a0 San Pedro,\u00a0 05 de Mayo de 2021.- DR. FACUNDO VELL\u00d3NABOGADO SECRETARIO<\/p>\n","protected":false},"author":4,"featured_media":81115,"comment_status":"open","ping_status":"closed","sticky":false,"template":"","format":"standard","meta":{"om_disable_all_campaigns":false,"_jetpack_memberships_contains_paid_content":false,"footnotes":""},"categories":[676,677],"tags":[2216,2111],"class_list":["post-92075","post","type-post","status-publish","format-standard","has-post-thumbnail","hentry","category-edictos","category-edictos-sucesorios","tag-duro-adalberto","tag-edicto-de-sucesion"],"aioseo_notices":[],"gutentor_comment":0,"jetpack_featured_media_url":"https:\/\/eldiariodesanpedro.com.ar\/sitio\/wp-content\/uploads\/2020\/09\/Poder-Judicial.jpg","jetpack_shortlink":"https:\/\/wp.me\/p6RhLt-nX5","jetpack_sharing_enabled":true,"_links":{"self":[{"href":"https:\/\/eldiariodesanpedro.com.ar\/sitio\/wp-json\/wp\/v2\/posts\/92075","targetHints":{"allow":["GET"]}}],"collection":[{"href":"https:\/\/eldiariodesanpedro.com.ar\/sitio\/wp-json\/wp\/v2\/posts"}],"about":[{"href":"https:\/\/eldiariodesanpedro.com.ar\/sitio\/wp-json\/wp\/v2\/types\/post"}],"author":[{"embeddable":true,"href":"https:\/\/eldiariodesanpedro.com.ar\/sitio\/wp-json\/wp\/v2\/users\/4"}],"replies":[{"embeddable":true,"href":"https:\/\/eldiariodesanpedro.com.ar\/sitio\/wp-json\/wp\/v2\/comments?post=92075"}],"version-history":[{"count":1,"href":"https:\/\/eldiariodesanpedro.com.ar\/sitio\/wp-json\/wp\/v2\/posts\/92075\/revisions"}],"predecessor-version":[{"id":92076,"href":"https:\/\/eldiariodesanpedro.com.ar\/sitio\/wp-json\/wp\/v2\/posts\/92075\/revisions\/92076"}],"wp:featuredmedia":[{"embeddable":true,"href":"https:\/\/eldiariodesanpedro.com.ar\/sitio\/wp-json\/wp\/v2\/media\/81115"}],"wp:attachment":[{"href":"https:\/\/eldiariodesanpedro.com.ar\/sitio\/wp-json\/wp\/v2\/media?parent=92075"}],"wp:term":[{"taxonomy":"category","embeddable":true,"href":"https:\/\/eldiariodesanpedro.com.ar\/sitio\/wp-json\/wp\/v2\/categories?post=92075"},{"taxonomy":"post_tag","embeddable":true,"href":"https:\/\/eldiariodesanpedro.com.ar\/sitio\/wp-json\/wp\/v2\/tags?post=92075"}],"curies":[{"name":"wp","href":"https:\/\/api.w.org\/{rel}","templated":true}]}}