{"id":92070,"date":"2021-05-06T11:30:24","date_gmt":"2021-05-06T14:30:24","guid":{"rendered":"https:\/\/eldiariodesanpedro.com.ar\/sitio\/?p=92070"},"modified":"2021-05-06T11:30:29","modified_gmt":"2021-05-06T14:30:29","slug":"coronavirus-se-recibieron-23-positivos-y-40-negativos-por-lo-que-los-activos-vuelven-a-aumentar-a-211","status":"publish","type":"post","link":"https:\/\/eldiariodesanpedro.com.ar\/sitio\/coronavirus-se-recibieron-23-positivos-y-40-negativos-por-lo-que-los-activos-vuelven-a-aumentar-a-211\/","title":{"rendered":"Coronavirus:  Se recibieron 23 positivos y 40 negativos, por lo que los activos vuelven a aumentar a 211"},"content":{"rendered":"<!-- VideographyWP Plugin Message: Automatic video embedding prevented by plugin options. -->\n\n<p>La Secretar\u00eda de Salud de la Municipalidad de San Pedro brinda el informe que acompa\u00f1a la placa del d\u00eda de la fecha, en el seguimiento de la Pandemia de Covid-19.<br>Se recibieron del Laboratorio Central Lab los resultados de los \u00faltimos env\u00edos de muestras con 21 positivos, y se confirm\u00f3 2 casos positivos, a trav\u00e9s de los testeos r\u00e1pidos que se realizan en el Laboratorio del Hospital, totalizando 23 nuevos casos positivos.<br>Sobre el resto de las muestras recibidas, el Laboratorio Central Lab inform\u00f3 35 resultados negativos. Desde el Laboratorio del Hospital, se informaron 5 testeos r\u00e1pidos negativos que totalizan 40 resultados negativos.<\/p>\n\n\n\n<p>Los positivos est\u00e1n divididos en:<\/p>\n\n\n\n<ul class=\"wp-block-list\"><li>Central Lab<\/li><li>13 mujeres de 27, 30, 40, 45, 46, 48, 52, 53(2), 61(2), 66 y 103 a\u00f1os.<\/li><li>8 hombres de 12, 18, 34, 46, 49(2), 65 y 82 a\u00f1os.<\/li><li>Laboratorio del Hospital: Una mujer de 40 a\u00f1os y un hombre de 55 a\u00f1os<\/li><\/ul>\n\n\n\n<p>Se enviaron 50 nuevas muestras, totalizando 51 muestras pendientes. Cuando se reciban los resultados ser\u00e1n comunicados.<\/p>\n\n\n\n<p>Se informaron los fallecimientos del Sr. Jos\u00e9 Oscar Magallanes de 60 a\u00f1os y del Sr. Emilio Conrado Baz\u00e1n de 84 a\u00f1os, internados con COVID 19 positivo.<\/p>\n\n\n\n<p>Resumen actualizado de informaci\u00f3n oficial<br>Positivos desde el inicio de la Pandemia: 3189<br>Activos: 211<br>Recuperados: 2869<br>Fallecidos: 109<br>Negativos desde el inicio de la Pandemia: 5000<\/p>\n\n\n\n<p>Los datos consignados en este informe corresponden a casos analizados a trav\u00e9s hisopados realizados en los \u00abconsultorios amarillos\u00bb analizados por el Laboratorio Central Lab y testeos r\u00e1pidos efectuados en el Laboratorio del Hospital.<\/p>\n\n\n\n<p>&#x1f449; Usar tapabocas.<br>&#x1f449; Mantener la distancia m\u00ednima de 2 metros.<br>&#x1f449; Extremar la higiene de los espacios.<br>&#x1f449; Mantener las manos limpias.<\/p>\n\n\n\n<p>Se recuerda que, ante s\u00edntomas de tos seca, fiebre y dolor de garganta se puede llamar al 148 o 107<\/p>\n\n\n\n<figure class=\"wp-block-image size-large\"><img decoding=\"async\" width=\"1024\" height=\"992\" data-attachment-id=\"92071\" data-permalink=\"https:\/\/eldiariodesanpedro.com.ar\/sitio\/coronavirus-se-recibieron-23-positivos-y-40-negativos-por-lo-que-los-activos-vuelven-a-aumentar-a-211\/whatsapp-image-2021-05-06-at-11-24-34\/\" data-orig-file=\"https:\/\/eldiariodesanpedro.com.ar\/sitio\/wp-content\/uploads\/2021\/05\/WhatsApp-Image-2021-05-06-at-11.24.34.jpeg\" data-orig-size=\"1280,1240\" data-comments-opened=\"1\" data-image-meta=\"{&quot;aperture&quot;:&quot;0&quot;,&quot;credit&quot;:&quot;&quot;,&quot;camera&quot;:&quot;&quot;,&quot;caption&quot;:&quot;&quot;,&quot;created_timestamp&quot;:&quot;0&quot;,&quot;copyright&quot;:&quot;&quot;,&quot;focal_length&quot;:&quot;0&quot;,&quot;iso&quot;:&quot;0&quot;,&quot;shutter_speed&quot;:&quot;0&quot;,&quot;title&quot;:&quot;&quot;,&quot;orientation&quot;:&quot;0&quot;}\" data-image-title=\"WhatsApp-Image-2021-05-06-at-11.24.34\" data-image-description=\"\" data-image-caption=\"\" data-large-file=\"https:\/\/eldiariodesanpedro.com.ar\/sitio\/wp-content\/uploads\/2021\/05\/WhatsApp-Image-2021-05-06-at-11.24.34-1024x992.jpeg\" data-src=\"https:\/\/eldiariodesanpedro.com.ar\/sitio\/wp-content\/uploads\/2021\/05\/WhatsApp-Image-2021-05-06-at-11.24.34-1024x992.jpeg\" alt=\"\" class=\"wp-image-92071 lazyload\" data-srcset=\"https:\/\/eldiariodesanpedro.com.ar\/sitio\/wp-content\/uploads\/2021\/05\/WhatsApp-Image-2021-05-06-at-11.24.34-1024x992.jpeg 1024w, https:\/\/eldiariodesanpedro.com.ar\/sitio\/wp-content\/uploads\/2021\/05\/WhatsApp-Image-2021-05-06-at-11.24.34-300x291.jpeg 300w, https:\/\/eldiariodesanpedro.com.ar\/sitio\/wp-content\/uploads\/2021\/05\/WhatsApp-Image-2021-05-06-at-11.24.34-768x744.jpeg 768w, https:\/\/eldiariodesanpedro.com.ar\/sitio\/wp-content\/uploads\/2021\/05\/WhatsApp-Image-2021-05-06-at-11.24.34.jpeg 1280w\" data-sizes=\"(max-width: 1024px) 100vw, 1024px\" src=\"data:image\/svg+xml;base64,PHN2ZyB3aWR0aD0iMSIgaGVpZ2h0PSIxIiB4bWxucz0iaHR0cDovL3d3dy53My5vcmcvMjAwMC9zdmciPjwvc3ZnPg==\" style=\"--smush-placeholder-width: 1024px; --smush-placeholder-aspect-ratio: 1024\/992;\" \/><\/figure>\n","protected":false},"excerpt":{"rendered":"<p>La Secretar\u00eda de Salud de la Municipalidad de San Pedro brinda el informe que acompa\u00f1a la placa del d\u00eda de la fecha, en el seguimiento de la Pandemia de Covid-19.Se recibieron del Laboratorio Central Lab los resultados de los \u00faltimos env\u00edos de muestras con 21 positivos, y se confirm\u00f3 2 casos positivos, a trav\u00e9s de [&hellip;]<\/p>\n","protected":false},"author":4,"featured_media":79317,"comment_status":"open","ping_status":"closed","sticky":false,"template":"","format":"standard","meta":{"om_disable_all_campaigns":false,"_jetpack_memberships_contains_paid_content":false,"footnotes":""},"categories":[50,101,2],"tags":[],"class_list":["post-92070","post","type-post","status-publish","format-standard","has-post-thumbnail","hentry","category-destacadas","category-interes-general-locales","category-locales"],"aioseo_notices":[],"gutentor_comment":0,"jetpack_featured_media_url":"https:\/\/eldiariodesanpedro.com.ar\/sitio\/wp-content\/uploads\/2020\/08\/hisopado-test-coronavirus-764x510-1.jpg","jetpack_shortlink":"https:\/\/wp.me\/p6RhLt-nX0","jetpack_sharing_enabled":true,"_links":{"self":[{"href":"https:\/\/eldiariodesanpedro.com.ar\/sitio\/wp-json\/wp\/v2\/posts\/92070","targetHints":{"allow":["GET"]}}],"collection":[{"href":"https:\/\/eldiariodesanpedro.com.ar\/sitio\/wp-json\/wp\/v2\/posts"}],"about":[{"href":"https:\/\/eldiariodesanpedro.com.ar\/sitio\/wp-json\/wp\/v2\/types\/post"}],"author":[{"embeddable":true,"href":"https:\/\/eldiariodesanpedro.com.ar\/sitio\/wp-json\/wp\/v2\/users\/4"}],"replies":[{"embeddable":true,"href":"https:\/\/eldiariodesanpedro.com.ar\/sitio\/wp-json\/wp\/v2\/comments?post=92070"}],"version-history":[{"count":1,"href":"https:\/\/eldiariodesanpedro.com.ar\/sitio\/wp-json\/wp\/v2\/posts\/92070\/revisions"}],"predecessor-version":[{"id":92072,"href":"https:\/\/eldiariodesanpedro.com.ar\/sitio\/wp-json\/wp\/v2\/posts\/92070\/revisions\/92072"}],"wp:featuredmedia":[{"embeddable":true,"href":"https:\/\/eldiariodesanpedro.com.ar\/sitio\/wp-json\/wp\/v2\/media\/79317"}],"wp:attachment":[{"href":"https:\/\/eldiariodesanpedro.com.ar\/sitio\/wp-json\/wp\/v2\/media?parent=92070"}],"wp:term":[{"taxonomy":"category","embeddable":true,"href":"https:\/\/eldiariodesanpedro.com.ar\/sitio\/wp-json\/wp\/v2\/categories?post=92070"},{"taxonomy":"post_tag","embeddable":true,"href":"https:\/\/eldiariodesanpedro.com.ar\/sitio\/wp-json\/wp\/v2\/tags?post=92070"}],"curies":[{"name":"wp","href":"https:\/\/api.w.org\/{rel}","templated":true}]}}