{"id":92068,"date":"2021-05-06T11:21:17","date_gmt":"2021-05-06T14:21:17","guid":{"rendered":"https:\/\/eldiariodesanpedro.com.ar\/sitio\/?p=92068"},"modified":"2021-05-06T11:21:21","modified_gmt":"2021-05-06T14:21:21","slug":"le-robaron-un-celular-en-la-calle","status":"publish","type":"post","link":"https:\/\/eldiariodesanpedro.com.ar\/sitio\/le-robaron-un-celular-en-la-calle\/","title":{"rendered":"Le robaron un celular en la calle"},"content":{"rendered":"<!-- VideographyWP Plugin Message: Automatic video embedding prevented by plugin options. -->\n\n<p>En la tarde de ayer se recibi\u00f3 una denuncia por parte de un ciudadano que sufri\u00f3 un arrebato en la v\u00eda p\u00fablica.<\/p>\n\n\n\n<p>El hecho ocurri\u00f3 pasadas las 13 hs en zona de calle Cruz Roja Argentina al 900 cuando el denunciante de 62 a\u00f1os iba caminando por la calle cuando es abordado por un delincuente que le sustrajo su tel\u00e9fono celular.<\/p>\n\n\n\n<p>La polic\u00eda se encuentra en plena investigaci\u00f3n<\/p>\n","protected":false},"excerpt":{"rendered":"<p>En la tarde de ayer se recibi\u00f3 una denuncia por parte de un ciudadano que sufri\u00f3 un arrebato en la v\u00eda p\u00fablica. El hecho ocurri\u00f3 pasadas las 13 hs en zona de calle Cruz Roja Argentina al 900 cuando el denunciante de 62 a\u00f1os iba caminando por la calle cuando es abordado por un delincuente [&hellip;]<\/p>\n","protected":false},"author":4,"featured_media":77860,"comment_status":"open","ping_status":"closed","sticky":false,"template":"","format":"standard","meta":{"om_disable_all_campaigns":false,"_jetpack_memberships_contains_paid_content":false,"footnotes":""},"categories":[2,103],"tags":[],"class_list":["post-92068","post","type-post","status-publish","format-standard","has-post-thumbnail","hentry","category-locales","category-policiales-locales"],"aioseo_notices":[],"gutentor_comment":0,"jetpack_featured_media_url":"https:\/\/eldiariodesanpedro.com.ar\/sitio\/wp-content\/uploads\/2020\/07\/000085506.jpg","jetpack_shortlink":"https:\/\/wp.me\/p6RhLt-nWY","jetpack_sharing_enabled":true,"_links":{"self":[{"href":"https:\/\/eldiariodesanpedro.com.ar\/sitio\/wp-json\/wp\/v2\/posts\/92068","targetHints":{"allow":["GET"]}}],"collection":[{"href":"https:\/\/eldiariodesanpedro.com.ar\/sitio\/wp-json\/wp\/v2\/posts"}],"about":[{"href":"https:\/\/eldiariodesanpedro.com.ar\/sitio\/wp-json\/wp\/v2\/types\/post"}],"author":[{"embeddable":true,"href":"https:\/\/eldiariodesanpedro.com.ar\/sitio\/wp-json\/wp\/v2\/users\/4"}],"replies":[{"embeddable":true,"href":"https:\/\/eldiariodesanpedro.com.ar\/sitio\/wp-json\/wp\/v2\/comments?post=92068"}],"version-history":[{"count":1,"href":"https:\/\/eldiariodesanpedro.com.ar\/sitio\/wp-json\/wp\/v2\/posts\/92068\/revisions"}],"predecessor-version":[{"id":92069,"href":"https:\/\/eldiariodesanpedro.com.ar\/sitio\/wp-json\/wp\/v2\/posts\/92068\/revisions\/92069"}],"wp:featuredmedia":[{"embeddable":true,"href":"https:\/\/eldiariodesanpedro.com.ar\/sitio\/wp-json\/wp\/v2\/media\/77860"}],"wp:attachment":[{"href":"https:\/\/eldiariodesanpedro.com.ar\/sitio\/wp-json\/wp\/v2\/media?parent=92068"}],"wp:term":[{"taxonomy":"category","embeddable":true,"href":"https:\/\/eldiariodesanpedro.com.ar\/sitio\/wp-json\/wp\/v2\/categories?post=92068"},{"taxonomy":"post_tag","embeddable":true,"href":"https:\/\/eldiariodesanpedro.com.ar\/sitio\/wp-json\/wp\/v2\/tags?post=92068"}],"curies":[{"name":"wp","href":"https:\/\/api.w.org\/{rel}","templated":true}]}}