{"id":92066,"date":"2021-05-06T11:06:13","date_gmt":"2021-05-06T14:06:13","guid":{"rendered":"https:\/\/eldiariodesanpedro.com.ar\/sitio\/?p=92066"},"modified":"2021-05-06T11:06:17","modified_gmt":"2021-05-06T14:06:17","slug":"un-ciudadano-aprehendido-por-tenencia-de-marihuana-de-infimo-pesaje","status":"publish","type":"post","link":"https:\/\/eldiariodesanpedro.com.ar\/sitio\/un-ciudadano-aprehendido-por-tenencia-de-marihuana-de-infimo-pesaje\/","title":{"rendered":"Un ciudadano aprehendido por tenencia de marihuana de \u00ednfimo pesaje"},"content":{"rendered":"<!-- VideographyWP Plugin Message: Automatic video embedding prevented by plugin options. -->\n\n<p>El personal policial se hace presente en la calle An\u00edbal de Ant\u00f3n y Rafael Obligado desde donde se traslada a masculino 27 a\u00f1os, secuestrando en su poder envoltorio de nylon color verde con marihuana de \u00cdnfimo pesaje por lo que se labraron actuaciones por el delito de tenencia ilegal de estupefacientes.<\/p>\n","protected":false},"excerpt":{"rendered":"<p>El personal policial se hace presente en la calle An\u00edbal de Ant\u00f3n y Rafael Obligado desde donde se traslada a masculino 27 a\u00f1os, secuestrando en su poder envoltorio de nylon color verde con marihuana de \u00cdnfimo pesaje por lo que se labraron actuaciones por el delito de tenencia ilegal de estupefacientes.<\/p>\n","protected":false},"author":4,"featured_media":69226,"comment_status":"open","ping_status":"closed","sticky":false,"template":"","format":"standard","meta":{"om_disable_all_campaigns":false,"_jetpack_memberships_contains_paid_content":false,"footnotes":""},"categories":[2,103],"tags":[],"class_list":["post-92066","post","type-post","status-publish","format-standard","has-post-thumbnail","hentry","category-locales","category-policiales-locales"],"aioseo_notices":[],"gutentor_comment":0,"jetpack_featured_media_url":"https:\/\/eldiariodesanpedro.com.ar\/sitio\/wp-content\/uploads\/2020\/02\/detenido-1.jpg","jetpack_shortlink":"https:\/\/wp.me\/p6RhLt-nWW","jetpack_sharing_enabled":true,"_links":{"self":[{"href":"https:\/\/eldiariodesanpedro.com.ar\/sitio\/wp-json\/wp\/v2\/posts\/92066","targetHints":{"allow":["GET"]}}],"collection":[{"href":"https:\/\/eldiariodesanpedro.com.ar\/sitio\/wp-json\/wp\/v2\/posts"}],"about":[{"href":"https:\/\/eldiariodesanpedro.com.ar\/sitio\/wp-json\/wp\/v2\/types\/post"}],"author":[{"embeddable":true,"href":"https:\/\/eldiariodesanpedro.com.ar\/sitio\/wp-json\/wp\/v2\/users\/4"}],"replies":[{"embeddable":true,"href":"https:\/\/eldiariodesanpedro.com.ar\/sitio\/wp-json\/wp\/v2\/comments?post=92066"}],"version-history":[{"count":1,"href":"https:\/\/eldiariodesanpedro.com.ar\/sitio\/wp-json\/wp\/v2\/posts\/92066\/revisions"}],"predecessor-version":[{"id":92067,"href":"https:\/\/eldiariodesanpedro.com.ar\/sitio\/wp-json\/wp\/v2\/posts\/92066\/revisions\/92067"}],"wp:featuredmedia":[{"embeddable":true,"href":"https:\/\/eldiariodesanpedro.com.ar\/sitio\/wp-json\/wp\/v2\/media\/69226"}],"wp:attachment":[{"href":"https:\/\/eldiariodesanpedro.com.ar\/sitio\/wp-json\/wp\/v2\/media?parent=92066"}],"wp:term":[{"taxonomy":"category","embeddable":true,"href":"https:\/\/eldiariodesanpedro.com.ar\/sitio\/wp-json\/wp\/v2\/categories?post=92066"},{"taxonomy":"post_tag","embeddable":true,"href":"https:\/\/eldiariodesanpedro.com.ar\/sitio\/wp-json\/wp\/v2\/tags?post=92066"}],"curies":[{"name":"wp","href":"https:\/\/api.w.org\/{rel}","templated":true}]}}