{"id":92064,"date":"2021-05-06T10:50:17","date_gmt":"2021-05-06T13:50:17","guid":{"rendered":"https:\/\/eldiariodesanpedro.com.ar\/sitio\/?p=92064"},"modified":"2021-05-06T10:50:21","modified_gmt":"2021-05-06T13:50:21","slug":"un-joven-aprehendido-por-tener-un-arma-blanca-en-via-publica","status":"publish","type":"post","link":"https:\/\/eldiariodesanpedro.com.ar\/sitio\/un-joven-aprehendido-por-tener-un-arma-blanca-en-via-publica\/","title":{"rendered":"Un joven aprehendido por tener un arma blanca en v\u00eda publica"},"content":{"rendered":"<!-- VideographyWP Plugin Message: Automatic video embedding prevented by plugin options. -->\n\n<p>El personal policial en calle G\u00fcemes y Mateos Sbert, aprehende masculino 18 a\u00f1os, quien se encontraba en v\u00eda p\u00fablica, en su poder se le secuestr\u00f3 un arma blanca tipo cuchillo.\u00a0<\/p>\n\n\n\n<p>El joven fue aprehendido y luego puesto en libertad tras ser informado del inicio actuaciones por infracci\u00f3n al c\u00f3digo de faltas con intervenci\u00f3n del Juzgado de Paz Local.<\/p>\n","protected":false},"excerpt":{"rendered":"<p>El personal policial en calle G\u00fcemes y Mateos Sbert, aprehende masculino 18 a\u00f1os, quien se encontraba en v\u00eda p\u00fablica, en su poder se le secuestr\u00f3 un arma blanca tipo cuchillo.\u00a0 El joven fue aprehendido y luego puesto en libertad tras ser informado del inicio actuaciones por infracci\u00f3n al c\u00f3digo de faltas con intervenci\u00f3n del Juzgado [&hellip;]<\/p>\n","protected":false},"author":4,"featured_media":80172,"comment_status":"open","ping_status":"closed","sticky":false,"template":"","format":"standard","meta":{"om_disable_all_campaigns":false,"_jetpack_memberships_contains_paid_content":false,"footnotes":""},"categories":[2,103],"tags":[],"class_list":["post-92064","post","type-post","status-publish","format-standard","has-post-thumbnail","hentry","category-locales","category-policiales-locales"],"aioseo_notices":[],"gutentor_comment":0,"jetpack_featured_media_url":"https:\/\/eldiariodesanpedro.com.ar\/sitio\/wp-content\/uploads\/2020\/08\/lvp.lvp_.img_nv000592.jpg","jetpack_shortlink":"https:\/\/wp.me\/p6RhLt-nWU","jetpack_sharing_enabled":true,"_links":{"self":[{"href":"https:\/\/eldiariodesanpedro.com.ar\/sitio\/wp-json\/wp\/v2\/posts\/92064","targetHints":{"allow":["GET"]}}],"collection":[{"href":"https:\/\/eldiariodesanpedro.com.ar\/sitio\/wp-json\/wp\/v2\/posts"}],"about":[{"href":"https:\/\/eldiariodesanpedro.com.ar\/sitio\/wp-json\/wp\/v2\/types\/post"}],"author":[{"embeddable":true,"href":"https:\/\/eldiariodesanpedro.com.ar\/sitio\/wp-json\/wp\/v2\/users\/4"}],"replies":[{"embeddable":true,"href":"https:\/\/eldiariodesanpedro.com.ar\/sitio\/wp-json\/wp\/v2\/comments?post=92064"}],"version-history":[{"count":1,"href":"https:\/\/eldiariodesanpedro.com.ar\/sitio\/wp-json\/wp\/v2\/posts\/92064\/revisions"}],"predecessor-version":[{"id":92065,"href":"https:\/\/eldiariodesanpedro.com.ar\/sitio\/wp-json\/wp\/v2\/posts\/92064\/revisions\/92065"}],"wp:featuredmedia":[{"embeddable":true,"href":"https:\/\/eldiariodesanpedro.com.ar\/sitio\/wp-json\/wp\/v2\/media\/80172"}],"wp:attachment":[{"href":"https:\/\/eldiariodesanpedro.com.ar\/sitio\/wp-json\/wp\/v2\/media?parent=92064"}],"wp:term":[{"taxonomy":"category","embeddable":true,"href":"https:\/\/eldiariodesanpedro.com.ar\/sitio\/wp-json\/wp\/v2\/categories?post=92064"},{"taxonomy":"post_tag","embeddable":true,"href":"https:\/\/eldiariodesanpedro.com.ar\/sitio\/wp-json\/wp\/v2\/tags?post=92064"}],"curies":[{"name":"wp","href":"https:\/\/api.w.org\/{rel}","templated":true}]}}