{"id":92058,"date":"2021-05-06T10:33:33","date_gmt":"2021-05-06T13:33:33","guid":{"rendered":"https:\/\/eldiariodesanpedro.com.ar\/sitio\/?p=92058"},"modified":"2021-05-06T17:00:45","modified_gmt":"2021-05-06T20:00:45","slug":"se-allanaron-casas-de-empleados-municipales-por-el-robo-a-la-familia-oneto-en-pueblo-doyle","status":"publish","type":"post","link":"https:\/\/eldiariodesanpedro.com.ar\/sitio\/se-allanaron-casas-de-empleados-municipales-por-el-robo-a-la-familia-oneto-en-pueblo-doyle\/","title":{"rendered":"Se allanaron casas de empleados municipales por el robo a la familia Oneto en Pueblo Doyle"},"content":{"rendered":"<!-- VideographyWP Plugin Message: Automatic video embedding prevented by plugin options. -->\n\n<p>En la jornada de ayer la polic\u00eda de nuestra ciudad junto con efectivos de la vecina localidad de Ramallo realizaron varios allanamientos ordenados por la justicia en el marco de una investigaci\u00f3n realizada por la UFI N\u00ba 5 en el robo ocurrido la semana pasada a la familia Oneto.<\/p>\n\n\n\n<p>Se realizaron cuatro procedimientos en diferentes puntos de nuestra ciudad y de Perez Mill\u00e1n tras investigaciones realizadas, donde algunos de ellos fueron positivos.<\/p>\n\n\n\n<p>Seg\u00fan se pudo averiguar se tratar\u00eda de 3 empleados municipales que podr\u00edan estar involucrados en los hechos ocurrido en Pueblo Doyle el jueves de la semana pasada.<\/p>\n\n\n\n<p>Los allanamientos se realizaron en calle Liniers al 700 donde reside un empleado de la Secretar\u00eda de Seguridad donde se secuestr\u00f3 un arma de fuego y precintos, otro en calle Ansaloni al 1200 un empleado de la Secreatria de Desarrollo Humano donde se secuestraron precintos y los dos restantes en la localidad de Perez Millan donde uno de ellos es empleado de la delegaci\u00f3n de Santa Luc\u00eda y se le secuestr\u00f3 una escopeta con cartuchos.<\/p>\n\n\n\n<p>Adem\u00e1s se pudo identificar en uno de los allanamientos a un autom\u00f3vil que podr\u00eda ser el autom\u00f3vil que utilizaron para huir del lugar seg\u00fan declararon los testigos.<\/p>\n\n\n\n<p>Recordemos que el hecho ocurri\u00f3 cuando cuatro delincuentes ingresaron a la vivienda de la Familia Oneto cuando se encontraban dos mayores y su hija quienes fueron maniatados mientras durante media hora los delincuentes revisaron toda la casa en busca de dinero en efectivo para luego darse a la fuga en un autom\u00f3vil que dejaron estacionado a media cuadra.<\/p>\n","protected":false},"excerpt":{"rendered":"<p>En la jornada de ayer la polic\u00eda de nuestra ciudad junto con efectivos de la vecina localidad de Ramallo realizaron varios allanamientos ordenados por la justicia en el marco de una investigaci\u00f3n realizada por la UFI N\u00ba 5 en el robo ocurrido la semana pasada a la familia Oneto. Se realizaron cuatro procedimientos en diferentes [&hellip;]<\/p>\n","protected":false},"author":4,"featured_media":92107,"comment_status":"open","ping_status":"closed","sticky":false,"template":"","format":"standard","meta":{"om_disable_all_campaigns":false,"_jetpack_memberships_contains_paid_content":false,"footnotes":""},"categories":[50,2,103],"tags":[],"class_list":["post-92058","post","type-post","status-publish","format-standard","has-post-thumbnail","hentry","category-destacadas","category-locales","category-policiales-locales"],"aioseo_notices":[],"gutentor_comment":0,"jetpack_featured_media_url":"https:\/\/eldiariodesanpedro.com.ar\/sitio\/wp-content\/uploads\/2021\/05\/Pueblo-Doyle-2.jpg","jetpack_shortlink":"https:\/\/wp.me\/p6RhLt-nWO","jetpack_sharing_enabled":true,"_links":{"self":[{"href":"https:\/\/eldiariodesanpedro.com.ar\/sitio\/wp-json\/wp\/v2\/posts\/92058","targetHints":{"allow":["GET"]}}],"collection":[{"href":"https:\/\/eldiariodesanpedro.com.ar\/sitio\/wp-json\/wp\/v2\/posts"}],"about":[{"href":"https:\/\/eldiariodesanpedro.com.ar\/sitio\/wp-json\/wp\/v2\/types\/post"}],"author":[{"embeddable":true,"href":"https:\/\/eldiariodesanpedro.com.ar\/sitio\/wp-json\/wp\/v2\/users\/4"}],"replies":[{"embeddable":true,"href":"https:\/\/eldiariodesanpedro.com.ar\/sitio\/wp-json\/wp\/v2\/comments?post=92058"}],"version-history":[{"count":2,"href":"https:\/\/eldiariodesanpedro.com.ar\/sitio\/wp-json\/wp\/v2\/posts\/92058\/revisions"}],"predecessor-version":[{"id":92109,"href":"https:\/\/eldiariodesanpedro.com.ar\/sitio\/wp-json\/wp\/v2\/posts\/92058\/revisions\/92109"}],"wp:featuredmedia":[{"embeddable":true,"href":"https:\/\/eldiariodesanpedro.com.ar\/sitio\/wp-json\/wp\/v2\/media\/92107"}],"wp:attachment":[{"href":"https:\/\/eldiariodesanpedro.com.ar\/sitio\/wp-json\/wp\/v2\/media?parent=92058"}],"wp:term":[{"taxonomy":"category","embeddable":true,"href":"https:\/\/eldiariodesanpedro.com.ar\/sitio\/wp-json\/wp\/v2\/categories?post=92058"},{"taxonomy":"post_tag","embeddable":true,"href":"https:\/\/eldiariodesanpedro.com.ar\/sitio\/wp-json\/wp\/v2\/tags?post=92058"}],"curies":[{"name":"wp","href":"https:\/\/api.w.org\/{rel}","templated":true}]}}