{"id":92056,"date":"2021-05-06T09:56:05","date_gmt":"2021-05-06T12:56:05","guid":{"rendered":"https:\/\/eldiariodesanpedro.com.ar\/sitio\/?p=92056"},"modified":"2021-05-06T09:56:09","modified_gmt":"2021-05-06T12:56:09","slug":"cronograma-de-pagos-anses-para-hoy","status":"publish","type":"post","link":"https:\/\/eldiariodesanpedro.com.ar\/sitio\/cronograma-de-pagos-anses-para-hoy\/","title":{"rendered":"Cronograma de pagos Anses para hoy"},"content":{"rendered":"<!-- VideographyWP Plugin Message: Automatic video embedding prevented by plugin options. -->\n\n<p><strong>El organismo, a cargo de la Lic. Fernanda Raverta, informa que hoy contin\u00faa el pago del Refuerzo de los 15.000 pesos para beneficiarios del AMBA y que adem\u00e1s se abonan Pensiones No Contributivas, Asignaciones de Pago \u00danico y Programa Alimentario PAMI.<\/strong><\/p>\n\n\n\n<p><strong>Refuerzo de 15.000 pesos para el AMBA<\/strong><br><strong>Hoy se deposita, autom\u00e1ticamente y sin tr\u00e1mite previo, el Refuerzo de 15.000 pesos para titulares residentes del AMBA de la Asignaci\u00f3n Universal por Hijo (AUH), Asignaci\u00f3n por Embarazo y monotributistas A y B que cobren Asignaciones Familiares con DNI finalizados en\u00a08.<\/strong><\/p>\n\n\n\n<p><strong>Pensiones No Contributivas<\/strong><br>Las sucursales bancarias habilitadas atienden por ventanilla solo a titulares de Pensiones No Contributivas (PNC) que deban cobrar su haber de mayo con documentos terminados en\u00a0<strong>6\u00a0<\/strong>y\u00a0<strong>7<\/strong>.<br>En este sentido, si bien estas personas no tienen que solicitar turno previo para cobrar este beneficio,\u00a0deben acercarse a la sucursal bancaria \u00fanicamente en la fecha asignada. Cabe recordar que los haberes permanecer\u00e1n depositados en sus cuentas.<\/p>\n\n\n\n<p><strong>Asignaciones de\u00a0Pago\u00a0\u00danico<\/strong><br>Desde hoy y hasta el 9 de junio se pagan las Asignaciones de\u00a0Pago\u00a0\u00danico\u00a0(Matrimonio, Adopci\u00f3n y Nacimiento) para todas las finalizaciones de documento.<\/p>\n\n\n\n<p><strong>Programa Alimentario PAMI<\/strong><br>En el marco del Programa Alimentario PAMI, la ANSES abona hoy el pago extraordinario equivalente al monto del bols\u00f3n de alimentos para titulares de Pensiones No Contributivas (PNC) con documentos concluidos en\u00a0<strong>6\u00a0<\/strong>y<strong>\u00a07<\/strong>. Para m\u00e1s informaci\u00f3n se puede ingresar a\u00a0<a rel=\"noreferrer noopener\" href=\"http:\/\/www.pami.org.ar\/programa-alimentario\" target=\"_blank\">www.pami.org.ar\/programa-alimentario<\/a><\/p>\n","protected":false},"excerpt":{"rendered":"<p>El organismo, a cargo de la Lic. Fernanda Raverta, informa que hoy contin\u00faa el pago del Refuerzo de los 15.000 pesos para beneficiarios del AMBA y que adem\u00e1s se abonan Pensiones No Contributivas, Asignaciones de Pago \u00danico y Programa Alimentario PAMI. Refuerzo de 15.000 pesos para el AMBAHoy se deposita, autom\u00e1ticamente y sin tr\u00e1mite previo, [&hellip;]<\/p>\n","protected":false},"author":4,"featured_media":74872,"comment_status":"open","ping_status":"closed","sticky":false,"template":"","format":"standard","meta":{"om_disable_all_campaigns":false,"_jetpack_memberships_contains_paid_content":false,"footnotes":""},"categories":[101,2],"tags":[],"class_list":["post-92056","post","type-post","status-publish","format-standard","has-post-thumbnail","hentry","category-interes-general-locales","category-locales"],"aioseo_notices":[],"gutentor_comment":0,"jetpack_featured_media_url":"https:\/\/eldiariodesanpedro.com.ar\/sitio\/wp-content\/uploads\/2020\/06\/SM-anses-07052020.jpeg","jetpack_shortlink":"https:\/\/wp.me\/p6RhLt-nWM","jetpack_sharing_enabled":true,"_links":{"self":[{"href":"https:\/\/eldiariodesanpedro.com.ar\/sitio\/wp-json\/wp\/v2\/posts\/92056","targetHints":{"allow":["GET"]}}],"collection":[{"href":"https:\/\/eldiariodesanpedro.com.ar\/sitio\/wp-json\/wp\/v2\/posts"}],"about":[{"href":"https:\/\/eldiariodesanpedro.com.ar\/sitio\/wp-json\/wp\/v2\/types\/post"}],"author":[{"embeddable":true,"href":"https:\/\/eldiariodesanpedro.com.ar\/sitio\/wp-json\/wp\/v2\/users\/4"}],"replies":[{"embeddable":true,"href":"https:\/\/eldiariodesanpedro.com.ar\/sitio\/wp-json\/wp\/v2\/comments?post=92056"}],"version-history":[{"count":1,"href":"https:\/\/eldiariodesanpedro.com.ar\/sitio\/wp-json\/wp\/v2\/posts\/92056\/revisions"}],"predecessor-version":[{"id":92057,"href":"https:\/\/eldiariodesanpedro.com.ar\/sitio\/wp-json\/wp\/v2\/posts\/92056\/revisions\/92057"}],"wp:featuredmedia":[{"embeddable":true,"href":"https:\/\/eldiariodesanpedro.com.ar\/sitio\/wp-json\/wp\/v2\/media\/74872"}],"wp:attachment":[{"href":"https:\/\/eldiariodesanpedro.com.ar\/sitio\/wp-json\/wp\/v2\/media?parent=92056"}],"wp:term":[{"taxonomy":"category","embeddable":true,"href":"https:\/\/eldiariodesanpedro.com.ar\/sitio\/wp-json\/wp\/v2\/categories?post=92056"},{"taxonomy":"post_tag","embeddable":true,"href":"https:\/\/eldiariodesanpedro.com.ar\/sitio\/wp-json\/wp\/v2\/tags?post=92056"}],"curies":[{"name":"wp","href":"https:\/\/api.w.org\/{rel}","templated":true}]}}