{"id":92054,"date":"2021-05-06T09:58:48","date_gmt":"2021-05-06T12:58:48","guid":{"rendered":"https:\/\/eldiariodesanpedro.com.ar\/sitio\/?p=92054"},"modified":"2021-05-06T09:58:52","modified_gmt":"2021-05-06T12:58:52","slug":"fallecieron-oscar-magallanes-de-60-anos-y-emilio-conrado-bazan-de-84-anos-por-coronavirus","status":"publish","type":"post","link":"https:\/\/eldiariodesanpedro.com.ar\/sitio\/fallecieron-oscar-magallanes-de-60-anos-y-emilio-conrado-bazan-de-84-anos-por-coronavirus\/","title":{"rendered":"Fallecieron Oscar Magallanes de 60 a\u00f1os y Emilio Conrado Baz\u00e1n de 84 a\u00f1os por coronavirus"},"content":{"rendered":"<!-- VideographyWP Plugin Message: Automatic video embedding prevented by plugin options. -->\n\n<p>La Secretar\u00eda de Salud de la Municipalidad de San Pedro informo que en la jornada de hoy fallecieron dos personas por el virus covid 19.<\/p>\n\n\n\n<p>Se informa el fallecimiento del Sr. Oscar Magallanes de 60 a\u00f1os de edad, internado con COVID 19 positivo, en Cl\u00ednica Privada.<\/p>\n\n\n\n<p>Adem\u00e1s del fallecimiento del Sr. Emilio Conrado Baz\u00e1n de 84 a\u00f1os, internado en un sanatorio privado, con COVID 19 positivo. <\/p>\n\n\n\n<p>Hacemos llegar nuestro acompa\u00f1amiento y condolencias a sus familiares y seres queridos.<\/p>\n","protected":false},"excerpt":{"rendered":"<p>La Secretar\u00eda de Salud de la Municipalidad de San Pedro informo que en la jornada de hoy fallecieron dos personas por el virus covid 19. Se informa el fallecimiento del Sr. Oscar Magallanes de 60 a\u00f1os de edad, internado con COVID 19 positivo, en Cl\u00ednica Privada. Adem\u00e1s del fallecimiento del Sr. Emilio Conrado Baz\u00e1n de [&hellip;]<\/p>\n","protected":false},"author":4,"featured_media":77464,"comment_status":"open","ping_status":"closed","sticky":false,"template":"","format":"standard","meta":{"om_disable_all_campaigns":false,"_jetpack_memberships_contains_paid_content":false,"footnotes":""},"categories":[50,101,2],"tags":[],"class_list":["post-92054","post","type-post","status-publish","format-standard","has-post-thumbnail","hentry","category-destacadas","category-interes-general-locales","category-locales"],"aioseo_notices":[],"gutentor_comment":0,"jetpack_featured_media_url":"https:\/\/eldiariodesanpedro.com.ar\/sitio\/wp-content\/uploads\/2020\/07\/5e87e1dede692.jpeg","jetpack_shortlink":"https:\/\/wp.me\/p6RhLt-nWK","jetpack_sharing_enabled":true,"_links":{"self":[{"href":"https:\/\/eldiariodesanpedro.com.ar\/sitio\/wp-json\/wp\/v2\/posts\/92054","targetHints":{"allow":["GET"]}}],"collection":[{"href":"https:\/\/eldiariodesanpedro.com.ar\/sitio\/wp-json\/wp\/v2\/posts"}],"about":[{"href":"https:\/\/eldiariodesanpedro.com.ar\/sitio\/wp-json\/wp\/v2\/types\/post"}],"author":[{"embeddable":true,"href":"https:\/\/eldiariodesanpedro.com.ar\/sitio\/wp-json\/wp\/v2\/users\/4"}],"replies":[{"embeddable":true,"href":"https:\/\/eldiariodesanpedro.com.ar\/sitio\/wp-json\/wp\/v2\/comments?post=92054"}],"version-history":[{"count":1,"href":"https:\/\/eldiariodesanpedro.com.ar\/sitio\/wp-json\/wp\/v2\/posts\/92054\/revisions"}],"predecessor-version":[{"id":92055,"href":"https:\/\/eldiariodesanpedro.com.ar\/sitio\/wp-json\/wp\/v2\/posts\/92054\/revisions\/92055"}],"wp:featuredmedia":[{"embeddable":true,"href":"https:\/\/eldiariodesanpedro.com.ar\/sitio\/wp-json\/wp\/v2\/media\/77464"}],"wp:attachment":[{"href":"https:\/\/eldiariodesanpedro.com.ar\/sitio\/wp-json\/wp\/v2\/media?parent=92054"}],"wp:term":[{"taxonomy":"category","embeddable":true,"href":"https:\/\/eldiariodesanpedro.com.ar\/sitio\/wp-json\/wp\/v2\/categories?post=92054"},{"taxonomy":"post_tag","embeddable":true,"href":"https:\/\/eldiariodesanpedro.com.ar\/sitio\/wp-json\/wp\/v2\/tags?post=92054"}],"curies":[{"name":"wp","href":"https:\/\/api.w.org\/{rel}","templated":true}]}}