{"id":92045,"date":"2021-05-05T19:59:24","date_gmt":"2021-05-05T22:59:24","guid":{"rendered":"https:\/\/eldiariodesanpedro.com.ar\/sitio\/?p=92045"},"modified":"2021-05-05T20:01:38","modified_gmt":"2021-05-05T23:01:38","slug":"la-instalacion-del-destacamento-de-bomberos-en-rio-tala-es-un-hecho","status":"publish","type":"post","link":"https:\/\/eldiariodesanpedro.com.ar\/sitio\/la-instalacion-del-destacamento-de-bomberos-en-rio-tala-es-un-hecho\/","title":{"rendered":"La instalaci\u00f3n del destacamento de Bomberos en R\u00edo Tala es un hecho"},"content":{"rendered":"<!-- VideographyWP Plugin Message: Automatic video embedding prevented by plugin options. -->\n\n<p>Las tratativas que comenzaron hace m\u00e1s de un a\u00f1o dieron los resultados esperados y en pocos d\u00edas se firmar\u00e1 el convenio que habilita la instalaci\u00f3n de una delegaci\u00f3n en el ex Aca.<\/p>\n\n\n\n<p>Hace m\u00e1s de un a\u00f1o, cuando el recordado Domingo Bronce aun era delegado de R\u00edo Tala, comenzaron las negociaciones con Bomberos Voluntarios para poder instalar un destacamento en jurisdicci\u00f3n de la localidad.<\/p>\n\n\n\n<p>Se fueron evaluando distintos aspectos relacionados con el predio a utilizar y las reglamentaciones a respetar hasta llegar a la conclusi\u00f3n de que el lugar adecuado para poder instalar la base era la exsede del Autom\u00f3vil Club Argentino ubicado sobre la Ruta 9 vieja, a pocos metros del cruce con la Ruta Provincial 1001.<\/p>\n\n\n\n<p>El presidente del Consejo Directivo de Bomberos, Mauro Rasio, asegur\u00f3 que estaba todo pr\u00e1cticamente acordado y que solo faltaba la firma.<\/p>\n\n\n\n<p>\u00abMe animo a decir que es un hecho\u00bb, coment\u00f3 Rasio en el aire de FM G\u00e9nesis. \u00abEs un proyecto que lleva un a\u00f1o y medio de desarrollo\u00bb<\/p>\n\n\n\n<p>\u00abContamos con mucho apoyo, con el aval legal y t\u00e9cnico, y muy buena predisposici\u00f3n del municipio\u00bb. \u00abEstar\u00e1 en el exAca pero tenemos que reconstruir el lugar porque est\u00e1 muy venido abajo, hay que acomodarlo\u00bb.<\/p>\n\n\n\n<p>A la vez Rasio reconoci\u00f3 que en su momento se les ofreci\u00f3, como sucedi\u00f3 con la Agencia Nacional de Seguridad Vial, el predio de La Serena, pero por una cuesti\u00f3n operativa se prefiri\u00f3 el otro lugar. \u00abSe le propuso a Bomberos tambi\u00e9n La Serena, pero la idea es estar cerca de la localidad, antes se tardaba 25 minutos en llegar, ahora ser\u00e1 todo mucho m\u00e1s r\u00e1pido\u00bb.<\/p>\n\n\n\n<p>\u00abPara terminar de cerrar todo se est\u00e1 definiendo la parte legal y t\u00e9cnica. En pocos d\u00edas se estar\u00e1 firmando el convenio entre el Municipio y el Aca, y a la vez el Municipio con Bomberos porque nos vamos hacer cargo del lugar\u00bb, destac\u00f3.<\/p>\n\n\n\n<p>\u00abLa idea es que R\u00edo Tala tenga su propio cuerpo de Bomberos, pero para eso deber\u00edamos preparar el curso y otras cuestiones reglamentarias que hay que cumplir\u00bb. \u00abEn principio se lo va a cubrir con gente de San Pedro hasta que se logre tener una dotaci\u00f3n propia\u00bb.<\/p>\n\n\n\n<p>Fuente: <a href=\"https:\/\/www.sanpedroinforma.com.ar\/nota\/124169\/sociedad\/la-instalacion-del-destacamento-de-bomberos-en-rio-tala-es-un-hecho.html\">San Pedro Informa<\/a><\/p>\n","protected":false},"excerpt":{"rendered":"<p>Las tratativas que comenzaron hace m\u00e1s de un a\u00f1o dieron los resultados esperados y en pocos d\u00edas se firmar\u00e1 el convenio que habilita la instalaci\u00f3n de una delegaci\u00f3n en el ex Aca. Hace m\u00e1s de un a\u00f1o, cuando el recordado Domingo Bronce aun era delegado de R\u00edo Tala, comenzaron las negociaciones con Bomberos Voluntarios para [&hellip;]<\/p>\n","protected":false},"author":4,"featured_media":92046,"comment_status":"open","ping_status":"closed","sticky":false,"template":"","format":"standard","meta":{"om_disable_all_campaigns":false,"_jetpack_memberships_contains_paid_content":false,"footnotes":""},"categories":[50,101,2],"tags":[],"class_list":["post-92045","post","type-post","status-publish","format-standard","has-post-thumbnail","hentry","category-destacadas","category-interes-general-locales","category-locales"],"aioseo_notices":[],"gutentor_comment":0,"jetpack_featured_media_url":"https:\/\/eldiariodesanpedro.com.ar\/sitio\/wp-content\/uploads\/2021\/05\/000091275.jpg","jetpack_shortlink":"https:\/\/wp.me\/p6RhLt-nWB","jetpack_sharing_enabled":true,"_links":{"self":[{"href":"https:\/\/eldiariodesanpedro.com.ar\/sitio\/wp-json\/wp\/v2\/posts\/92045","targetHints":{"allow":["GET"]}}],"collection":[{"href":"https:\/\/eldiariodesanpedro.com.ar\/sitio\/wp-json\/wp\/v2\/posts"}],"about":[{"href":"https:\/\/eldiariodesanpedro.com.ar\/sitio\/wp-json\/wp\/v2\/types\/post"}],"author":[{"embeddable":true,"href":"https:\/\/eldiariodesanpedro.com.ar\/sitio\/wp-json\/wp\/v2\/users\/4"}],"replies":[{"embeddable":true,"href":"https:\/\/eldiariodesanpedro.com.ar\/sitio\/wp-json\/wp\/v2\/comments?post=92045"}],"version-history":[{"count":2,"href":"https:\/\/eldiariodesanpedro.com.ar\/sitio\/wp-json\/wp\/v2\/posts\/92045\/revisions"}],"predecessor-version":[{"id":92049,"href":"https:\/\/eldiariodesanpedro.com.ar\/sitio\/wp-json\/wp\/v2\/posts\/92045\/revisions\/92049"}],"wp:featuredmedia":[{"embeddable":true,"href":"https:\/\/eldiariodesanpedro.com.ar\/sitio\/wp-json\/wp\/v2\/media\/92046"}],"wp:attachment":[{"href":"https:\/\/eldiariodesanpedro.com.ar\/sitio\/wp-json\/wp\/v2\/media?parent=92045"}],"wp:term":[{"taxonomy":"category","embeddable":true,"href":"https:\/\/eldiariodesanpedro.com.ar\/sitio\/wp-json\/wp\/v2\/categories?post=92045"},{"taxonomy":"post_tag","embeddable":true,"href":"https:\/\/eldiariodesanpedro.com.ar\/sitio\/wp-json\/wp\/v2\/tags?post=92045"}],"curies":[{"name":"wp","href":"https:\/\/api.w.org\/{rel}","templated":true}]}}