{"id":92025,"date":"2021-05-05T18:16:12","date_gmt":"2021-05-05T21:16:12","guid":{"rendered":"https:\/\/eldiariodesanpedro.com.ar\/sitio\/?p=92025"},"modified":"2021-05-05T18:16:17","modified_gmt":"2021-05-05T21:16:17","slug":"pergamino-murio-un-joven-de-26-anos-por-covid","status":"publish","type":"post","link":"https:\/\/eldiariodesanpedro.com.ar\/sitio\/pergamino-murio-un-joven-de-26-anos-por-covid\/","title":{"rendered":"PERGAMINO | Muri\u00f3 un joven de 26 a\u00f1os por Covid"},"content":{"rendered":"<!-- VideographyWP Plugin Message: Automatic video embedding prevented by plugin options. -->\n\n<p>La vecina ciudad sigue sumando contagios y fallecimientos en una larga y alarmante situaci\u00f3n, y sin adoptar ninguna medida. La actividad en Pergamino es pr\u00e1cticamente normal.<\/p>\n\n\n\n<p>En las \u00faltimas 24 horas murieron otros tres pergaminenses a causa del coronavirus, llegando a 196 el n\u00famero de v\u00edctimas fatales, con un promedio de casi dos por d\u00eda en el \u00faltimo mes.<\/p>\n\n\n\n<p>Uno de los nuevos fallecidos es un joven de 26 a\u00f1os que estuvo internado con un cuadro respiratorio que no logr\u00f3 superar. Ten\u00eda patolog\u00edas previas.<br><br>El deceso se produjo este mi\u00e9rcoles a las cuatro de la madrugada y causa honda conmoci\u00f3n en la comunidad por la vida que se lleva esta enfermedad a tan temprana edad.<br><br>Desde el s\u00e1bado estaba internado en la sala de cuidados intensivos del Hospital San Jos\u00e9 con un cuadro respiratorio severo, del que no pudo sobreponerse a pesar de los esfuerzos m\u00e9dicos, durante sus m\u00e1s de tres d\u00edas de internaci\u00f3n.<br><br>Era un joven con S\u00edndrome de Down que desde que se contagi\u00f3 de coronavirus la pele\u00f3 m\u00e1s que ninguna otra persona para salir del cuadro cr\u00edtico en el que lo sumergi\u00f3 la enfermedad.<\/p>\n","protected":false},"excerpt":{"rendered":"<p>La vecina ciudad sigue sumando contagios y fallecimientos en una larga y alarmante situaci\u00f3n, y sin adoptar ninguna medida. La actividad en Pergamino es pr\u00e1cticamente normal. En las \u00faltimas 24 horas murieron otros tres pergaminenses a causa del coronavirus, llegando a 196 el n\u00famero de v\u00edctimas fatales, con un promedio de casi dos por d\u00eda [&hellip;]<\/p>\n","protected":false},"author":4,"featured_media":92026,"comment_status":"open","ping_status":"closed","sticky":false,"template":"","format":"standard","meta":{"om_disable_all_campaigns":false,"_jetpack_memberships_contains_paid_content":false,"footnotes":""},"categories":[621],"tags":[],"class_list":["post-92025","post","type-post","status-publish","format-standard","has-post-thumbnail","hentry","category-regionales"],"aioseo_notices":[],"gutentor_comment":0,"jetpack_featured_media_url":"https:\/\/eldiariodesanpedro.com.ar\/sitio\/wp-content\/uploads\/2021\/05\/20200325193427_hospital-san-jose-entrada-715x400-1.jpg","jetpack_shortlink":"https:\/\/wp.me\/p6RhLt-nWh","jetpack_sharing_enabled":true,"_links":{"self":[{"href":"https:\/\/eldiariodesanpedro.com.ar\/sitio\/wp-json\/wp\/v2\/posts\/92025","targetHints":{"allow":["GET"]}}],"collection":[{"href":"https:\/\/eldiariodesanpedro.com.ar\/sitio\/wp-json\/wp\/v2\/posts"}],"about":[{"href":"https:\/\/eldiariodesanpedro.com.ar\/sitio\/wp-json\/wp\/v2\/types\/post"}],"author":[{"embeddable":true,"href":"https:\/\/eldiariodesanpedro.com.ar\/sitio\/wp-json\/wp\/v2\/users\/4"}],"replies":[{"embeddable":true,"href":"https:\/\/eldiariodesanpedro.com.ar\/sitio\/wp-json\/wp\/v2\/comments?post=92025"}],"version-history":[{"count":1,"href":"https:\/\/eldiariodesanpedro.com.ar\/sitio\/wp-json\/wp\/v2\/posts\/92025\/revisions"}],"predecessor-version":[{"id":92027,"href":"https:\/\/eldiariodesanpedro.com.ar\/sitio\/wp-json\/wp\/v2\/posts\/92025\/revisions\/92027"}],"wp:featuredmedia":[{"embeddable":true,"href":"https:\/\/eldiariodesanpedro.com.ar\/sitio\/wp-json\/wp\/v2\/media\/92026"}],"wp:attachment":[{"href":"https:\/\/eldiariodesanpedro.com.ar\/sitio\/wp-json\/wp\/v2\/media?parent=92025"}],"wp:term":[{"taxonomy":"category","embeddable":true,"href":"https:\/\/eldiariodesanpedro.com.ar\/sitio\/wp-json\/wp\/v2\/categories?post=92025"},{"taxonomy":"post_tag","embeddable":true,"href":"https:\/\/eldiariodesanpedro.com.ar\/sitio\/wp-json\/wp\/v2\/tags?post=92025"}],"curies":[{"name":"wp","href":"https:\/\/api.w.org\/{rel}","templated":true}]}}