{"id":92022,"date":"2021-05-05T18:12:17","date_gmt":"2021-05-05T21:12:17","guid":{"rendered":"https:\/\/eldiariodesanpedro.com.ar\/sitio\/?p=92022"},"modified":"2021-05-05T18:12:21","modified_gmt":"2021-05-05T21:12:21","slug":"zarate-viajaba-con-mas-de-6-millones-de-pesos-y-27-170-dolares-en-su-vehiculo","status":"publish","type":"post","link":"https:\/\/eldiariodesanpedro.com.ar\/sitio\/zarate-viajaba-con-mas-de-6-millones-de-pesos-y-27-170-dolares-en-su-vehiculo\/","title":{"rendered":"Z\u00c1RATE | Viajaba con m\u00e1s de 6 millones de pesos y 27.170 d\u00f3lares en su veh\u00edculo"},"content":{"rendered":"<!-- VideographyWP Plugin Message: Automatic video embedding prevented by plugin options. -->\n\n<p>Los funcionarios al inspeccionar el rodado, hallaron el dinero distribuido en tres bolsas que estaban ocultas debajo del asiento. <\/p>\n\n\n\n<p>Hoy, los efectivos de Secci\u00f3n Seguridad \u201cParan\u00e1 de las Palmas\u201d dependiente del Escuadr\u00f3n 63 \u201cZ\u00e1rate Brazo Largo\u201d mientras efectuaban controles sobre la Ruta Nacional N\u00ba12, detuvieron la marcha de un autom\u00f3vil Honda City, que era conducido por un ciudadano mayor de edad.<\/p>\n\n\n\n<p>Al momento de la inspecci\u00f3n, los funcionarios descubrieron tres bolsas de consorcio debajo del asiento trasero del rodado. Al abrir las mismas, hallaron una gran cantidad de billetes de moneda extranjera y nacional.<\/p>\n\n\n\n<p>Inmediatamente, los gendarmes contabilizaron el dinero detectado, el cual posee una suma total de 6.999.800 pesos y 27.170 d\u00f3lares.<\/p>\n\n\n\n<p>El Juzgado Federal de Campana dispuso el decomiso del dinero y que el involucrado quede en libertad supeditado a la causa.<\/p>\n\n\n\n<p>Fuente: <a href=\"https:\/\/www.enlacecritico.com\/destacados\/viajaba-con-mas-de-6-millones-de-pesos-y-27-170-dolares-en-su-vehiculo\/\">Enlace Critico<\/a><\/p>\n","protected":false},"excerpt":{"rendered":"<p>Los funcionarios al inspeccionar el rodado, hallaron el dinero distribuido en tres bolsas que estaban ocultas debajo del asiento. Hoy, los efectivos de Secci\u00f3n Seguridad \u201cParan\u00e1 de las Palmas\u201d dependiente del Escuadr\u00f3n 63 \u201cZ\u00e1rate Brazo Largo\u201d mientras efectuaban controles sobre la Ruta Nacional N\u00ba12, detuvieron la marcha de un autom\u00f3vil Honda City, que era conducido [&hellip;]<\/p>\n","protected":false},"author":4,"featured_media":92023,"comment_status":"open","ping_status":"closed","sticky":false,"template":"","format":"standard","meta":{"om_disable_all_campaigns":false,"_jetpack_memberships_contains_paid_content":false,"footnotes":""},"categories":[621],"tags":[],"class_list":["post-92022","post","type-post","status-publish","format-standard","has-post-thumbnail","hentry","category-regionales"],"aioseo_notices":[],"gutentor_comment":0,"jetpack_featured_media_url":"https:\/\/eldiariodesanpedro.com.ar\/sitio\/wp-content\/uploads\/2021\/05\/Plata.jpg","jetpack_shortlink":"https:\/\/wp.me\/p6RhLt-nWe","jetpack_sharing_enabled":true,"_links":{"self":[{"href":"https:\/\/eldiariodesanpedro.com.ar\/sitio\/wp-json\/wp\/v2\/posts\/92022","targetHints":{"allow":["GET"]}}],"collection":[{"href":"https:\/\/eldiariodesanpedro.com.ar\/sitio\/wp-json\/wp\/v2\/posts"}],"about":[{"href":"https:\/\/eldiariodesanpedro.com.ar\/sitio\/wp-json\/wp\/v2\/types\/post"}],"author":[{"embeddable":true,"href":"https:\/\/eldiariodesanpedro.com.ar\/sitio\/wp-json\/wp\/v2\/users\/4"}],"replies":[{"embeddable":true,"href":"https:\/\/eldiariodesanpedro.com.ar\/sitio\/wp-json\/wp\/v2\/comments?post=92022"}],"version-history":[{"count":1,"href":"https:\/\/eldiariodesanpedro.com.ar\/sitio\/wp-json\/wp\/v2\/posts\/92022\/revisions"}],"predecessor-version":[{"id":92024,"href":"https:\/\/eldiariodesanpedro.com.ar\/sitio\/wp-json\/wp\/v2\/posts\/92022\/revisions\/92024"}],"wp:featuredmedia":[{"embeddable":true,"href":"https:\/\/eldiariodesanpedro.com.ar\/sitio\/wp-json\/wp\/v2\/media\/92023"}],"wp:attachment":[{"href":"https:\/\/eldiariodesanpedro.com.ar\/sitio\/wp-json\/wp\/v2\/media?parent=92022"}],"wp:term":[{"taxonomy":"category","embeddable":true,"href":"https:\/\/eldiariodesanpedro.com.ar\/sitio\/wp-json\/wp\/v2\/categories?post=92022"},{"taxonomy":"post_tag","embeddable":true,"href":"https:\/\/eldiariodesanpedro.com.ar\/sitio\/wp-json\/wp\/v2\/tags?post=92022"}],"curies":[{"name":"wp","href":"https:\/\/api.w.org\/{rel}","templated":true}]}}