{"id":92011,"date":"2021-05-05T12:22:33","date_gmt":"2021-05-05T15:22:33","guid":{"rendered":"https:\/\/eldiariodesanpedro.com.ar\/sitio\/?p=92011"},"modified":"2021-05-05T12:22:38","modified_gmt":"2021-05-05T15:22:38","slug":"coronavirus-43-positivos-y-67-negativos-los-activos-190-y-se-envian-54-nuevas-muestras","status":"publish","type":"post","link":"https:\/\/eldiariodesanpedro.com.ar\/sitio\/coronavirus-43-positivos-y-67-negativos-los-activos-190-y-se-envian-54-nuevas-muestras\/","title":{"rendered":"Coronavirus: 43 positivos y 67 negativos, los activos 190 y se env\u00edan  54 nuevas muestras"},"content":{"rendered":"<!-- VideographyWP Plugin Message: Automatic video embedding prevented by plugin options. -->\n\n<p>La Secretar\u00eda de Salud de la Municipalidad de San Pedro brinda el informe que acompa\u00f1a la placa del d\u00eda de la fecha, en el seguimiento de la Pandemia de Covid-19.<\/p>\n\n\n\n<p>Se recibieron del Laboratorio Central Lab los resultados de los \u00faltimos env\u00edos de muestras con 42 positivos, y se confirm\u00f3 1 caso positivo, a trav\u00e9s de los testeos r\u00e1pidos que se realizan en el Laboratorio del Hospital, totalizando 43 nuevos casos positivos.<br>Sobre el resto de las muestras recibidas, el Laboratorio Central Lab inform\u00f3 64 resultados negativos. Desde el Laboratorio del Hospital, se informaron 3 testeos r\u00e1pidos negativos que totalizan 67 resultados negativos.<\/p>\n\n\n\n<p>Los positivos est\u00e1n divididos en:<\/p>\n\n\n\n<ul class=\"wp-block-list\"><li>Central Lab<\/li><li>28 mujeres de 17, 19, 24(2), 25, 28(2), 29, 34(2), 35, 38(2), 39, 40, 43(2), 46(3), 50, 51, 53(2), 54, 59, 60 y 68 a\u00f1os.<\/li><li>14 hombres de 19, 27(2), 29, 38, 41, 44, 47, 48(2), 60, 69, 80 y 84 a\u00f1os.<\/li><li>Laboratorio del Hospital: Un hombre de 37 a\u00f1os.<\/li><\/ul>\n\n\n\n<p>Se enviaron 54 nuevas muestras, totalizando 57 muestras pendientes. Cuando se reciban los resultados ser\u00e1n comunicados.<\/p>\n\n\n\n<p>Se incorporan a la estad\u00edstica oficial 28 altas.<\/p>\n\n\n\n<p>Resumen actualizado de informaci\u00f3n oficial<br>Positivos desde el inicio de la Pandemia: 3166<br>Activos: 190<br>Recuperados: 2869<br>Fallecidos: 107<br>Negativos desde el inicio de la Pandemia: 4960<\/p>\n\n\n\n<p>Los datos consignados en este informe corresponden a casos analizados a trav\u00e9s hisopados realizados en los \u00abconsultorios amarillos\u00bb analizados por el Laboratorio Central Lab y testeos r\u00e1pidos efectuados en el Laboratorio del Hospital.<\/p>\n\n\n\n<p>&#x1f449; Usar tapabocas.<br>&#x1f449; Mantener la distancia m\u00ednima de 2 metros.<br>&#x1f449; Extremar la higiene de los espacios.<br>&#x1f449; Mantener las manos limpias.<\/p>\n\n\n\n<p>Se recuerda que, ante s\u00edntomas de tos seca, fiebre y dolor de garganta se puede llamar al 148 o 107<\/p>\n","protected":false},"excerpt":{"rendered":"<p>La Secretar\u00eda de Salud de la Municipalidad de San Pedro brinda el informe que acompa\u00f1a la placa del d\u00eda de la fecha, en el seguimiento de la Pandemia de Covid-19. Se recibieron del Laboratorio Central Lab los resultados de los \u00faltimos env\u00edos de muestras con 42 positivos, y se confirm\u00f3 1 caso positivo, a trav\u00e9s [&hellip;]<\/p>\n","protected":false},"author":4,"featured_media":79200,"comment_status":"open","ping_status":"closed","sticky":false,"template":"","format":"standard","meta":{"om_disable_all_campaigns":false,"_jetpack_memberships_contains_paid_content":false,"footnotes":""},"categories":[50,101,2],"tags":[],"class_list":["post-92011","post","type-post","status-publish","format-standard","has-post-thumbnail","hentry","category-destacadas","category-interes-general-locales","category-locales"],"aioseo_notices":[],"gutentor_comment":0,"jetpack_featured_media_url":"https:\/\/eldiariodesanpedro.com.ar\/sitio\/wp-content\/uploads\/2020\/08\/FTRRV773PNB3RI4W5LP3O7ZVUI.jpg","jetpack_shortlink":"https:\/\/wp.me\/p6RhLt-nW3","jetpack_sharing_enabled":true,"_links":{"self":[{"href":"https:\/\/eldiariodesanpedro.com.ar\/sitio\/wp-json\/wp\/v2\/posts\/92011","targetHints":{"allow":["GET"]}}],"collection":[{"href":"https:\/\/eldiariodesanpedro.com.ar\/sitio\/wp-json\/wp\/v2\/posts"}],"about":[{"href":"https:\/\/eldiariodesanpedro.com.ar\/sitio\/wp-json\/wp\/v2\/types\/post"}],"author":[{"embeddable":true,"href":"https:\/\/eldiariodesanpedro.com.ar\/sitio\/wp-json\/wp\/v2\/users\/4"}],"replies":[{"embeddable":true,"href":"https:\/\/eldiariodesanpedro.com.ar\/sitio\/wp-json\/wp\/v2\/comments?post=92011"}],"version-history":[{"count":1,"href":"https:\/\/eldiariodesanpedro.com.ar\/sitio\/wp-json\/wp\/v2\/posts\/92011\/revisions"}],"predecessor-version":[{"id":92012,"href":"https:\/\/eldiariodesanpedro.com.ar\/sitio\/wp-json\/wp\/v2\/posts\/92011\/revisions\/92012"}],"wp:featuredmedia":[{"embeddable":true,"href":"https:\/\/eldiariodesanpedro.com.ar\/sitio\/wp-json\/wp\/v2\/media\/79200"}],"wp:attachment":[{"href":"https:\/\/eldiariodesanpedro.com.ar\/sitio\/wp-json\/wp\/v2\/media?parent=92011"}],"wp:term":[{"taxonomy":"category","embeddable":true,"href":"https:\/\/eldiariodesanpedro.com.ar\/sitio\/wp-json\/wp\/v2\/categories?post=92011"},{"taxonomy":"post_tag","embeddable":true,"href":"https:\/\/eldiariodesanpedro.com.ar\/sitio\/wp-json\/wp\/v2\/tags?post=92011"}],"curies":[{"name":"wp","href":"https:\/\/api.w.org\/{rel}","templated":true}]}}