{"id":92007,"date":"2021-05-05T10:48:14","date_gmt":"2021-05-05T13:48:14","guid":{"rendered":"https:\/\/eldiariodesanpedro.com.ar\/sitio\/?p=92007"},"modified":"2023-07-18T13:01:20","modified_gmt":"2023-07-18T16:01:20","slug":"edicto-de-sucesion-de-fuentes-francisco","status":"publish","type":"post","link":"https:\/\/eldiariodesanpedro.com.ar\/sitio\/edicto-de-sucesion-de-fuentes-francisco\/","title":{"rendered":"Edicto de Sucesi\u00f3n de Fuentes Francisco"},"content":{"rendered":"<!-- VideographyWP Plugin Message: Automatic video embedding prevented by plugin options. -->\n\n<p>El Juzgado Civil y Comercial N\u00ba 5, del Departamento Judicial de San Nicol\u00e1s, cita y emplaza por el t\u00e9rmino de treinta d\u00edas a herederos y acreedores de <strong>Fuentes Francisco.<\/strong>&#8211; San Nicol\u00e1s, 22 de Abril de 2021.-<\/p>\n\n\n\n<p>BLUHN LEONARDO<br>AUXILIAR LETRADO<\/p>\n\n\n\n<p>(Publicacion valida por los dias 5, 6 y 7 de Mayo de 2021)<br>https:\/\/notificaciones.scba.gov.ar\/verificarnotificacion.aspx?codNotif=NR7Q4R <br><\/p>\n","protected":false},"excerpt":{"rendered":"<p>El Juzgado Civil y Comercial N\u00ba 5, del Departamento Judicial de San Nicol\u00e1s, cita y emplaza por el t\u00e9rmino de treinta d\u00edas a herederos y acreedores de Fuentes Francisco.&#8211; San Nicol\u00e1s, 22 de Abril de 2021.- BLUHN LEONARDOAUXILIAR LETRADO (Publicacion valida por los dias 5, 6 y 7 de Mayo de 2021)https:\/\/notificaciones.scba.gov.ar\/verificarnotificacion.aspx?codNotif=NR7Q4R<\/p>\n","protected":false},"author":4,"featured_media":81115,"comment_status":"open","ping_status":"closed","sticky":false,"template":"","format":"standard","meta":{"om_disable_all_campaigns":false,"_jetpack_memberships_contains_paid_content":false,"footnotes":""},"categories":[676,677],"tags":[2111,2215],"class_list":["post-92007","post","type-post","status-publish","format-standard","has-post-thumbnail","hentry","category-edictos","category-edictos-sucesorios","tag-edicto-de-sucesion","tag-fuentes-francisco"],"aioseo_notices":[],"gutentor_comment":0,"jetpack_featured_media_url":"https:\/\/eldiariodesanpedro.com.ar\/sitio\/wp-content\/uploads\/2020\/09\/Poder-Judicial.jpg","jetpack_shortlink":"https:\/\/wp.me\/p6RhLt-nVZ","jetpack_sharing_enabled":true,"_links":{"self":[{"href":"https:\/\/eldiariodesanpedro.com.ar\/sitio\/wp-json\/wp\/v2\/posts\/92007","targetHints":{"allow":["GET"]}}],"collection":[{"href":"https:\/\/eldiariodesanpedro.com.ar\/sitio\/wp-json\/wp\/v2\/posts"}],"about":[{"href":"https:\/\/eldiariodesanpedro.com.ar\/sitio\/wp-json\/wp\/v2\/types\/post"}],"author":[{"embeddable":true,"href":"https:\/\/eldiariodesanpedro.com.ar\/sitio\/wp-json\/wp\/v2\/users\/4"}],"replies":[{"embeddable":true,"href":"https:\/\/eldiariodesanpedro.com.ar\/sitio\/wp-json\/wp\/v2\/comments?post=92007"}],"version-history":[{"count":2,"href":"https:\/\/eldiariodesanpedro.com.ar\/sitio\/wp-json\/wp\/v2\/posts\/92007\/revisions"}],"predecessor-version":[{"id":120564,"href":"https:\/\/eldiariodesanpedro.com.ar\/sitio\/wp-json\/wp\/v2\/posts\/92007\/revisions\/120564"}],"wp:featuredmedia":[{"embeddable":true,"href":"https:\/\/eldiariodesanpedro.com.ar\/sitio\/wp-json\/wp\/v2\/media\/81115"}],"wp:attachment":[{"href":"https:\/\/eldiariodesanpedro.com.ar\/sitio\/wp-json\/wp\/v2\/media?parent=92007"}],"wp:term":[{"taxonomy":"category","embeddable":true,"href":"https:\/\/eldiariodesanpedro.com.ar\/sitio\/wp-json\/wp\/v2\/categories?post=92007"},{"taxonomy":"post_tag","embeddable":true,"href":"https:\/\/eldiariodesanpedro.com.ar\/sitio\/wp-json\/wp\/v2\/tags?post=92007"}],"curies":[{"name":"wp","href":"https:\/\/api.w.org\/{rel}","templated":true}]}}