{"id":91998,"date":"2021-05-05T10:22:04","date_gmt":"2021-05-05T13:22:04","guid":{"rendered":"https:\/\/eldiariodesanpedro.com.ar\/sitio\/?p=91998"},"modified":"2021-05-05T10:22:08","modified_gmt":"2021-05-05T13:22:08","slug":"la-municipalidad-informa-los-trabajos-a-realizarse-por-el-are-de-servicios-publicos","status":"publish","type":"post","link":"https:\/\/eldiariodesanpedro.com.ar\/sitio\/la-municipalidad-informa-los-trabajos-a-realizarse-por-el-are-de-servicios-publicos\/","title":{"rendered":"La municipalidad informa los trabajos a realizarse por el are de Servicios P\u00fablicos"},"content":{"rendered":"<!-- VideographyWP Plugin Message: Automatic video embedding prevented by plugin options. -->\n\n<p>La Direcci\u00f3n de Servicios P\u00fablicos de la Municipalidad de San Pedro informa el diagrama de actividades previstas y en marcha.<\/p>\n\n\n\n<ul class=\"wp-block-list\"><li>Una moto niveladora con cargadora y 2 camiones limpian calle G\u00fcemes y 44 y luego zanj\u00f3n de Avenida Am\u00e9rica. Adem\u00e1s otro equipo cumple tareas de limpieza en Mateo Sbert desde Bozzano a Lavalle<\/li><li>Un tractor con cespera corta pasto en banquina de ruta 191 y trabajan equipos transportando wrap desde Ruta 9 al Corral\u00f3n.<\/li><li>Un cami\u00f3n y una camioneta con cuadrillas de Parques y Jardines recogen ramas en diferentes puntos de la ciudad.<\/li><li>Un tractor con una cuadrilla limpia c\u00e1maras de desag\u00fces en Barrio Futuro<\/li><li>Un tractor con una cuadrilla cumple tareas de bacheo en el estacionamiento de inspecci\u00f3n general y luego continuar\u00e1 a la cuadricula de Belgrano, 11 de Septiembre, Lucio Mansilla y Casella.<\/li><\/ul>\n","protected":false},"excerpt":{"rendered":"<p>La Direcci\u00f3n de Servicios P\u00fablicos de la Municipalidad de San Pedro informa el diagrama de actividades previstas y en marcha. Una moto niveladora con cargadora y 2 camiones limpian calle G\u00fcemes y 44 y luego zanj\u00f3n de Avenida Am\u00e9rica. Adem\u00e1s otro equipo cumple tareas de limpieza en Mateo Sbert desde Bozzano a Lavalle Un tractor [&hellip;]<\/p>\n","protected":false},"author":4,"featured_media":91999,"comment_status":"open","ping_status":"closed","sticky":false,"template":"","format":"standard","meta":{"om_disable_all_campaigns":false,"_jetpack_memberships_contains_paid_content":false,"footnotes":""},"categories":[101,2],"tags":[],"class_list":["post-91998","post","type-post","status-publish","format-standard","has-post-thumbnail","hentry","category-interes-general-locales","category-locales"],"aioseo_notices":[],"gutentor_comment":0,"jetpack_featured_media_url":"https:\/\/eldiariodesanpedro.com.ar\/sitio\/wp-content\/uploads\/2021\/05\/WhatsApp-Image-2021-05-05-at-09.42.08.jpeg","jetpack_shortlink":"https:\/\/wp.me\/p6RhLt-nVQ","jetpack_sharing_enabled":true,"_links":{"self":[{"href":"https:\/\/eldiariodesanpedro.com.ar\/sitio\/wp-json\/wp\/v2\/posts\/91998","targetHints":{"allow":["GET"]}}],"collection":[{"href":"https:\/\/eldiariodesanpedro.com.ar\/sitio\/wp-json\/wp\/v2\/posts"}],"about":[{"href":"https:\/\/eldiariodesanpedro.com.ar\/sitio\/wp-json\/wp\/v2\/types\/post"}],"author":[{"embeddable":true,"href":"https:\/\/eldiariodesanpedro.com.ar\/sitio\/wp-json\/wp\/v2\/users\/4"}],"replies":[{"embeddable":true,"href":"https:\/\/eldiariodesanpedro.com.ar\/sitio\/wp-json\/wp\/v2\/comments?post=91998"}],"version-history":[{"count":1,"href":"https:\/\/eldiariodesanpedro.com.ar\/sitio\/wp-json\/wp\/v2\/posts\/91998\/revisions"}],"predecessor-version":[{"id":92000,"href":"https:\/\/eldiariodesanpedro.com.ar\/sitio\/wp-json\/wp\/v2\/posts\/91998\/revisions\/92000"}],"wp:featuredmedia":[{"embeddable":true,"href":"https:\/\/eldiariodesanpedro.com.ar\/sitio\/wp-json\/wp\/v2\/media\/91999"}],"wp:attachment":[{"href":"https:\/\/eldiariodesanpedro.com.ar\/sitio\/wp-json\/wp\/v2\/media?parent=91998"}],"wp:term":[{"taxonomy":"category","embeddable":true,"href":"https:\/\/eldiariodesanpedro.com.ar\/sitio\/wp-json\/wp\/v2\/categories?post=91998"},{"taxonomy":"post_tag","embeddable":true,"href":"https:\/\/eldiariodesanpedro.com.ar\/sitio\/wp-json\/wp\/v2\/tags?post=91998"}],"curies":[{"name":"wp","href":"https:\/\/api.w.org\/{rel}","templated":true}]}}