{"id":91995,"date":"2021-05-05T10:11:07","date_gmt":"2021-05-05T13:11:07","guid":{"rendered":"https:\/\/eldiariodesanpedro.com.ar\/sitio\/?p=91995"},"modified":"2021-05-05T10:11:12","modified_gmt":"2021-05-05T13:11:12","slug":"baradero-el-hospital-municipal-dr-lino-pineiro-adquirio-nuevos-equipamientos-para-la-lucha-contra-el-covid-19","status":"publish","type":"post","link":"https:\/\/eldiariodesanpedro.com.ar\/sitio\/baradero-el-hospital-municipal-dr-lino-pineiro-adquirio-nuevos-equipamientos-para-la-lucha-contra-el-covid-19\/","title":{"rendered":"BARADERO | El Hospital Municipal \u201cDr. Lino Pi\u00f1eiro\u201d adquiri\u00f3 nuevos equipamientos para la lucha contra el Covid-19"},"content":{"rendered":"<!-- VideographyWP Plugin Message: Automatic video embedding prevented by plugin options. -->\n\n<p>Se trata de diez cascos Helmet de oxigenoterapia, un m\u00e9todo alternativo de soporte ventilatorio no invasivo para pacientes diagnosticados con Coronavirus.<\/p>\n\n\n\n<p>Esta adquisici\u00f3n fue donada por el equipo de ayuda de la Instituci\u00f3n. La implementaci\u00f3n de estos nuevos insumos, que mejoran de forma significativa la recuperaci\u00f3n de los pacientes positivos de Covid-19, ha proliferado en distintas provincias del pa\u00eds en el \u00faltimo tiempo.<\/p>\n\n\n\n<p>Los cascos Helmet han demostrado su eficacia en pacientes que presentan baja saturaci\u00f3n de ox\u00edgeno. Hay estudios que demuestran que su implementaci\u00f3n disminuye la mortalidad al bajar el porcentaje de los pacientes que requieren respirador, adem\u00e1s, la utilizaci\u00f3n de este recurso hace que los pacientes mejoren la saturaci\u00f3n con menor cantidad de ox\u00edgeno suplementario.<\/p>\n\n\n\n<p>Estos dispositivos act\u00faan de forma menos invasiva ya que proveen ox\u00edgeno de alto flujo evitando que el paciente requiera ser conectado a un respirador.<\/p>\n\n\n\n<p>Otro factor importante a destacar es que el paciente no necesita la intubaci\u00f3n ni sedaci\u00f3n, por lo que permite mayor movilidad y comodidad.<\/p>\n\n\n\n<p>Fuente: T<a href=\"ttps:\/\/tulineadirecta.com\/\">u Linea Directa<\/a><\/p>\n","protected":false},"excerpt":{"rendered":"<p>Se trata de diez cascos Helmet de oxigenoterapia, un m\u00e9todo alternativo de soporte ventilatorio no invasivo para pacientes diagnosticados con Coronavirus. Esta adquisici\u00f3n fue donada por el equipo de ayuda de la Instituci\u00f3n. La implementaci\u00f3n de estos nuevos insumos, que mejoran de forma significativa la recuperaci\u00f3n de los pacientes positivos de Covid-19, ha proliferado en [&hellip;]<\/p>\n","protected":false},"author":4,"featured_media":91996,"comment_status":"open","ping_status":"closed","sticky":false,"template":"","format":"standard","meta":{"om_disable_all_campaigns":false,"_jetpack_memberships_contains_paid_content":false,"footnotes":""},"categories":[621],"tags":[],"class_list":["post-91995","post","type-post","status-publish","format-standard","has-post-thumbnail","hentry","category-regionales"],"aioseo_notices":[],"gutentor_comment":0,"jetpack_featured_media_url":"https:\/\/eldiariodesanpedro.com.ar\/sitio\/wp-content\/uploads\/2021\/05\/Cascos-Helmet-Baradero-1.jpeg","jetpack_shortlink":"https:\/\/wp.me\/p6RhLt-nVN","jetpack_sharing_enabled":true,"_links":{"self":[{"href":"https:\/\/eldiariodesanpedro.com.ar\/sitio\/wp-json\/wp\/v2\/posts\/91995","targetHints":{"allow":["GET"]}}],"collection":[{"href":"https:\/\/eldiariodesanpedro.com.ar\/sitio\/wp-json\/wp\/v2\/posts"}],"about":[{"href":"https:\/\/eldiariodesanpedro.com.ar\/sitio\/wp-json\/wp\/v2\/types\/post"}],"author":[{"embeddable":true,"href":"https:\/\/eldiariodesanpedro.com.ar\/sitio\/wp-json\/wp\/v2\/users\/4"}],"replies":[{"embeddable":true,"href":"https:\/\/eldiariodesanpedro.com.ar\/sitio\/wp-json\/wp\/v2\/comments?post=91995"}],"version-history":[{"count":1,"href":"https:\/\/eldiariodesanpedro.com.ar\/sitio\/wp-json\/wp\/v2\/posts\/91995\/revisions"}],"predecessor-version":[{"id":91997,"href":"https:\/\/eldiariodesanpedro.com.ar\/sitio\/wp-json\/wp\/v2\/posts\/91995\/revisions\/91997"}],"wp:featuredmedia":[{"embeddable":true,"href":"https:\/\/eldiariodesanpedro.com.ar\/sitio\/wp-json\/wp\/v2\/media\/91996"}],"wp:attachment":[{"href":"https:\/\/eldiariodesanpedro.com.ar\/sitio\/wp-json\/wp\/v2\/media?parent=91995"}],"wp:term":[{"taxonomy":"category","embeddable":true,"href":"https:\/\/eldiariodesanpedro.com.ar\/sitio\/wp-json\/wp\/v2\/categories?post=91995"},{"taxonomy":"post_tag","embeddable":true,"href":"https:\/\/eldiariodesanpedro.com.ar\/sitio\/wp-json\/wp\/v2\/tags?post=91995"}],"curies":[{"name":"wp","href":"https:\/\/api.w.org\/{rel}","templated":true}]}}