{"id":91992,"date":"2021-05-05T10:08:52","date_gmt":"2021-05-05T13:08:52","guid":{"rendered":"https:\/\/eldiariodesanpedro.com.ar\/sitio\/?p=91992"},"modified":"2021-05-05T10:08:56","modified_gmt":"2021-05-05T13:08:56","slug":"prohiben-la-venta-en-farmacias-de-pruebas-rapidas-para-detectar-covid-19","status":"publish","type":"post","link":"https:\/\/eldiariodesanpedro.com.ar\/sitio\/prohiben-la-venta-en-farmacias-de-pruebas-rapidas-para-detectar-covid-19\/","title":{"rendered":"Proh\u00edben la venta en farmacias de pruebas r\u00e1pidas para detectar Covid-19"},"content":{"rendered":"<!-- VideographyWP Plugin Message: Automatic video embedding prevented by plugin options. -->\n\n<p>La medida se hizo efectiva a trav\u00e9s de la resoluci\u00f3n 1533 publicada en el Bolet\u00edn Oficial, al se\u00f1alar que esos test \u00abson de uso profesional excluyente y deben realizarse en laboratorios de an\u00e1lisis cl\u00ednicos\u00bb. La misma tendr\u00e1 vigencia mientras perdure la declaraci\u00f3n del estado de emergencia sanitaria en el \u00e1mbito de toda la Provincia.<\/p>\n\n\n\n<p>El Gobierno bonaerense prohibi\u00f3 hoy en las farmacias del distrito la venta de los productos de pruebas r\u00e1pidas para detectar coronavirus, al se\u00f1alar que esos test \u00abson de uso profesional excluyente y deben realizarse en laboratorios de an\u00e1lisis cl\u00ednicos\u00bb.<\/p>\n\n\n\n<p>Lo hizo a trav\u00e9s de la resoluci\u00f3n 1533 publicada en el Bolet\u00edn Oficial, donde advirti\u00f3 de sanciones en caso de incumplimientos.<\/p>\n\n\n\n<p>La medida tendr\u00e1 vigencia mientras perdure la declaraci\u00f3n del estado de emergencia sanitaria en el \u00e1mbito de toda la provincia a tenor de la enfermedad por el nuevo coronavirus.<\/p>\n\n\n\n<p>En los considerandos de la disposici\u00f3n, el Ejecutivo provincial record\u00f3 que \u00abtodos los test para Covid-19 que se encuentran actualmente disponibles son de uso profesional exclusivo y deben realizarse en condiciones e instalaciones adecuadas, por ello son de venta exclusiva a laboratorios de an\u00e1lisis cl\u00ednicos\u201d.<\/p>\n\n\n\n<p>Apunt\u00f3, adem\u00e1s, \u00abque est\u00e1 claramente normado en los procedimientos sanitarios Covid-19, que cualquier resultado debe estar cargado en el SISA (Sistema Integrado de Informaci\u00f3n Sanitaria Argentina) por un profesional inscripto que sea titular de un laboratorio habilitado por la autoridad competente\u00bb.<\/p>\n\n\n\n<p>\u00abEn esa l\u00ednea, unos de los objetivos del SISA es crear la Ficha \u00danica del ciudadano como eje central para el registro de la informaci\u00f3n sanitaria, que evidentemente podr\u00eda violarse si e comprador del producto realiza por s\u00ed mismo la prueba\u00bb, se se\u00f1al\u00f3.<\/p>\n\n\n\n<p>Fuente: <a href=\"https:\/\/www.latecla.info\/121055-provincia-prohiben-la-venta-en-farmacias-de-pruebas-rap\">La tecla<\/a><\/p>\n","protected":false},"excerpt":{"rendered":"<p>La medida se hizo efectiva a trav\u00e9s de la resoluci\u00f3n 1533 publicada en el Bolet\u00edn Oficial, al se\u00f1alar que esos test \u00abson de uso profesional excluyente y deben realizarse en laboratorios de an\u00e1lisis cl\u00ednicos\u00bb. La misma tendr\u00e1 vigencia mientras perdure la declaraci\u00f3n del estado de emergencia sanitaria en el \u00e1mbito de toda la Provincia. El [&hellip;]<\/p>\n","protected":false},"author":4,"featured_media":91993,"comment_status":"open","ping_status":"closed","sticky":false,"template":"","format":"standard","meta":{"om_disable_all_campaigns":false,"_jetpack_memberships_contains_paid_content":false,"footnotes":""},"categories":[621],"tags":[],"class_list":["post-91992","post","type-post","status-publish","format-standard","has-post-thumbnail","hentry","category-regionales"],"aioseo_notices":[],"gutentor_comment":0,"jetpack_featured_media_url":"https:\/\/eldiariodesanpedro.com.ar\/sitio\/wp-content\/uploads\/2021\/05\/127869_3.jpg","jetpack_shortlink":"https:\/\/wp.me\/p6RhLt-nVK","jetpack_sharing_enabled":true,"_links":{"self":[{"href":"https:\/\/eldiariodesanpedro.com.ar\/sitio\/wp-json\/wp\/v2\/posts\/91992","targetHints":{"allow":["GET"]}}],"collection":[{"href":"https:\/\/eldiariodesanpedro.com.ar\/sitio\/wp-json\/wp\/v2\/posts"}],"about":[{"href":"https:\/\/eldiariodesanpedro.com.ar\/sitio\/wp-json\/wp\/v2\/types\/post"}],"author":[{"embeddable":true,"href":"https:\/\/eldiariodesanpedro.com.ar\/sitio\/wp-json\/wp\/v2\/users\/4"}],"replies":[{"embeddable":true,"href":"https:\/\/eldiariodesanpedro.com.ar\/sitio\/wp-json\/wp\/v2\/comments?post=91992"}],"version-history":[{"count":1,"href":"https:\/\/eldiariodesanpedro.com.ar\/sitio\/wp-json\/wp\/v2\/posts\/91992\/revisions"}],"predecessor-version":[{"id":91994,"href":"https:\/\/eldiariodesanpedro.com.ar\/sitio\/wp-json\/wp\/v2\/posts\/91992\/revisions\/91994"}],"wp:featuredmedia":[{"embeddable":true,"href":"https:\/\/eldiariodesanpedro.com.ar\/sitio\/wp-json\/wp\/v2\/media\/91993"}],"wp:attachment":[{"href":"https:\/\/eldiariodesanpedro.com.ar\/sitio\/wp-json\/wp\/v2\/media?parent=91992"}],"wp:term":[{"taxonomy":"category","embeddable":true,"href":"https:\/\/eldiariodesanpedro.com.ar\/sitio\/wp-json\/wp\/v2\/categories?post=91992"},{"taxonomy":"post_tag","embeddable":true,"href":"https:\/\/eldiariodesanpedro.com.ar\/sitio\/wp-json\/wp\/v2\/tags?post=91992"}],"curies":[{"name":"wp","href":"https:\/\/api.w.org\/{rel}","templated":true}]}}