{"id":91988,"date":"2021-05-05T09:48:24","date_gmt":"2021-05-05T12:48:24","guid":{"rendered":"https:\/\/eldiariodesanpedro.com.ar\/sitio\/?p=91988"},"modified":"2021-05-05T09:48:29","modified_gmt":"2021-05-05T12:48:29","slug":"la-bailarina-clasica-catalina-scoccimarra-prepara-su-participacion-en-un-certamen-nacional-en-el-salon-de-los-espejos","status":"publish","type":"post","link":"https:\/\/eldiariodesanpedro.com.ar\/sitio\/la-bailarina-clasica-catalina-scoccimarra-prepara-su-participacion-en-un-certamen-nacional-en-el-salon-de-los-espejos\/","title":{"rendered":"La bailarina cl\u00e1sica Catalina Scoccimarra prepara su participaci\u00f3n en un certamen nacional en el Sal\u00f3n de los Espejos"},"content":{"rendered":"<!-- VideographyWP Plugin Message: Automatic video embedding prevented by plugin options. -->\n\n<p>San Pedro contar\u00e1 con una representante en el prestigioso certamen \u00abCloche Ballet Internacional Dance\u00bb que se llevar\u00e1 a cabo de manera virtual coordinado desde Villa Carlos Paz C\u00f3rdoba.&nbsp; La joven&nbsp;<strong>Catalina Scoccimarra<\/strong>&nbsp;de 14 a\u00f1os transita los meses que restan para este desaf\u00edo con ensayos y pruebas que requieren un espacio acorde a esta presentaci\u00f3n, y por tal motivo el Centro de Comercio Industria y Turismo de San Pedro, respondi\u00f3 favorablemente a la solicitud para utilizar, como locaci\u00f3n para esta preparaci\u00f3n, el tradicional Sal\u00f3n de los Espejos.&nbsp;&nbsp;<\/p>\n\n\n\n<p>Durante estos d\u00edas la bailarina entrena su variaci\u00f3n (coreograf\u00eda individual) que deber\u00e1 grabar en un estudio a\u00fan a determinar para ser considerada por el jurado de la competencia a mediados de julio.&nbsp;&nbsp;Catalina se desempe\u00f1a en este arte desde el 2012 y comenz\u00f3 sus estudios en San Pedro con Sol Altolaguirre a los 4 a\u00f1os, luego continu\u00f3 con la Profesora Susana \u00abChich\u00ed\u00bb Tosso y desde el 2018 a la actualidad toma clases la Profesora Silvina Vacarelli (miembro del Ballet Estable del Teatro Col\u00f3n) en el Instituto Domus (C.A.B.A.).&nbsp; Tambi\u00e9n tom\u00f3 clases de iniciaci\u00f3n a la danza con Fernanda Garc\u00eda y actualmente con Rosaura Garc\u00eda clases de Contempor\u00e1neo, ambas hijas de la destacada Chichi Tosso.&nbsp; Recientemente una beca completa para estudiar 4 semanas intensivas con la escuela de Barcelona Dance Center entre otras oportunidades de formaci\u00f3n que seguir\u00e1 tomando.<\/p>\n\n\n\n<p>El Concurso Internacional Cloche Ballet para Danza Cl\u00e1sica, Contempor\u00e1neo y Jazz es organizado por la organizaci\u00f3n del mismo nombre creada en Villa Carlos Paz en abril de 2016.\u00a0 \u00a0<\/p>\n\n\n\n<figure class=\"wp-block-image size-large\"><img decoding=\"async\" width=\"766\" height=\"1024\" data-attachment-id=\"91990\" data-permalink=\"https:\/\/eldiariodesanpedro.com.ar\/sitio\/la-bailarina-clasica-catalina-scoccimarra-prepara-su-participacion-en-un-certamen-nacional-en-el-salon-de-los-espejos\/catalina2\/\" data-orig-file=\"https:\/\/eldiariodesanpedro.com.ar\/sitio\/wp-content\/uploads\/2021\/05\/catalina2.jpg\" data-orig-size=\"958,1280\" data-comments-opened=\"1\" data-image-meta=\"{&quot;aperture&quot;:&quot;0&quot;,&quot;credit&quot;:&quot;&quot;,&quot;camera&quot;:&quot;&quot;,&quot;caption&quot;:&quot;&quot;,&quot;created_timestamp&quot;:&quot;0&quot;,&quot;copyright&quot;:&quot;&quot;,&quot;focal_length&quot;:&quot;0&quot;,&quot;iso&quot;:&quot;0&quot;,&quot;shutter_speed&quot;:&quot;0&quot;,&quot;title&quot;:&quot;&quot;,&quot;orientation&quot;:&quot;0&quot;}\" data-image-title=\"catalina2\" data-image-description=\"\" data-image-caption=\"\" data-large-file=\"https:\/\/eldiariodesanpedro.com.ar\/sitio\/wp-content\/uploads\/2021\/05\/catalina2-766x1024.jpg\" data-src=\"https:\/\/eldiariodesanpedro.com.ar\/sitio\/wp-content\/uploads\/2021\/05\/catalina2-766x1024.jpg\" alt=\"\" class=\"wp-image-91990 lazyload\" data-srcset=\"https:\/\/eldiariodesanpedro.com.ar\/sitio\/wp-content\/uploads\/2021\/05\/catalina2-766x1024.jpg 766w, https:\/\/eldiariodesanpedro.com.ar\/sitio\/wp-content\/uploads\/2021\/05\/catalina2-225x300.jpg 225w, https:\/\/eldiariodesanpedro.com.ar\/sitio\/wp-content\/uploads\/2021\/05\/catalina2-768x1026.jpg 768w, https:\/\/eldiariodesanpedro.com.ar\/sitio\/wp-content\/uploads\/2021\/05\/catalina2.jpg 958w\" data-sizes=\"(max-width: 766px) 100vw, 766px\" src=\"data:image\/svg+xml;base64,PHN2ZyB3aWR0aD0iMSIgaGVpZ2h0PSIxIiB4bWxucz0iaHR0cDovL3d3dy53My5vcmcvMjAwMC9zdmciPjwvc3ZnPg==\" style=\"--smush-placeholder-width: 766px; --smush-placeholder-aspect-ratio: 766\/1024;\" \/><\/figure>\n","protected":false},"excerpt":{"rendered":"<p>San Pedro contar\u00e1 con una representante en el prestigioso certamen \u00abCloche Ballet Internacional Dance\u00bb que se llevar\u00e1 a cabo de manera virtual coordinado desde Villa Carlos Paz C\u00f3rdoba.&nbsp; La joven&nbsp;Catalina Scoccimarra&nbsp;de 14 a\u00f1os transita los meses que restan para este desaf\u00edo con ensayos y pruebas que requieren un espacio acorde a esta presentaci\u00f3n, y por [&hellip;]<\/p>\n","protected":false},"author":4,"featured_media":91989,"comment_status":"open","ping_status":"closed","sticky":false,"template":"","format":"standard","meta":{"om_disable_all_campaigns":false,"_jetpack_memberships_contains_paid_content":false,"footnotes":""},"categories":[2],"tags":[],"class_list":["post-91988","post","type-post","status-publish","format-standard","has-post-thumbnail","hentry","category-locales"],"aioseo_notices":[],"gutentor_comment":0,"jetpack_featured_media_url":"https:\/\/eldiariodesanpedro.com.ar\/sitio\/wp-content\/uploads\/2021\/05\/catalina1.jpg","jetpack_shortlink":"https:\/\/wp.me\/p6RhLt-nVG","jetpack_sharing_enabled":true,"_links":{"self":[{"href":"https:\/\/eldiariodesanpedro.com.ar\/sitio\/wp-json\/wp\/v2\/posts\/91988","targetHints":{"allow":["GET"]}}],"collection":[{"href":"https:\/\/eldiariodesanpedro.com.ar\/sitio\/wp-json\/wp\/v2\/posts"}],"about":[{"href":"https:\/\/eldiariodesanpedro.com.ar\/sitio\/wp-json\/wp\/v2\/types\/post"}],"author":[{"embeddable":true,"href":"https:\/\/eldiariodesanpedro.com.ar\/sitio\/wp-json\/wp\/v2\/users\/4"}],"replies":[{"embeddable":true,"href":"https:\/\/eldiariodesanpedro.com.ar\/sitio\/wp-json\/wp\/v2\/comments?post=91988"}],"version-history":[{"count":1,"href":"https:\/\/eldiariodesanpedro.com.ar\/sitio\/wp-json\/wp\/v2\/posts\/91988\/revisions"}],"predecessor-version":[{"id":91991,"href":"https:\/\/eldiariodesanpedro.com.ar\/sitio\/wp-json\/wp\/v2\/posts\/91988\/revisions\/91991"}],"wp:featuredmedia":[{"embeddable":true,"href":"https:\/\/eldiariodesanpedro.com.ar\/sitio\/wp-json\/wp\/v2\/media\/91989"}],"wp:attachment":[{"href":"https:\/\/eldiariodesanpedro.com.ar\/sitio\/wp-json\/wp\/v2\/media?parent=91988"}],"wp:term":[{"taxonomy":"category","embeddable":true,"href":"https:\/\/eldiariodesanpedro.com.ar\/sitio\/wp-json\/wp\/v2\/categories?post=91988"},{"taxonomy":"post_tag","embeddable":true,"href":"https:\/\/eldiariodesanpedro.com.ar\/sitio\/wp-json\/wp\/v2\/tags?post=91988"}],"curies":[{"name":"wp","href":"https:\/\/api.w.org\/{rel}","templated":true}]}}