{"id":91986,"date":"2021-05-05T09:43:09","date_gmt":"2021-05-05T12:43:09","guid":{"rendered":"https:\/\/eldiariodesanpedro.com.ar\/sitio\/?p=91986"},"modified":"2021-05-05T09:43:13","modified_gmt":"2021-05-05T12:43:13","slug":"anses-calendario-de-pagos-para-hoy","status":"publish","type":"post","link":"https:\/\/eldiariodesanpedro.com.ar\/sitio\/anses-calendario-de-pagos-para-hoy\/","title":{"rendered":"ANSES: Calendario de pagos para hoy"},"content":{"rendered":"<!-- VideographyWP Plugin Message: Automatic video embedding prevented by plugin options. -->\n\n<p><strong>El organismo, a cargo de la Lic. Fernanda Raverta, informa que hoy contin\u00faa el pago del refuerzo de los 15.000 pesos para beneficiarios del AMBA y, adem\u00e1s, se abonan Pensiones No Contributivas y los programas Alimentario PAMI y Cultura Solidaria.<\/strong><\/p>\n\n\n\n<p><strong>Refuerzo de 15.000 pesos para el AMBA<\/strong><br><strong>Hoy se deposita, autom\u00e1ticamente y sin tr\u00e1mite previo, el refuerzo de 15.000 pesos para titulares residentes del AMBA de la Asignaci\u00f3n Universal por Hijo (AUH), Asignaci\u00f3n por Embarazo y monotributistas A y B que cobren Asignaciones Familiares con DNI finalizados en\u00a07.<\/strong><\/p>\n\n\n\n<p><strong>Pensiones No Contributivas<\/strong><br>Las sucursales bancarias habilitadas atienden por ventanilla solo a titulares de Pensiones No Contributivas (PNC) que deban cobrar su haber de mayo con documentos terminados en\u00a0<strong>4\u00a0<\/strong>y\u00a0<strong>5<\/strong>.<br>En este sentido, si bien estas personas no tienen que solicitar turno previo para cobrar este beneficio,\u00a0deben acercarse a la sucursal bancaria \u00fanicamente en la fecha asignada. Cabe recordar que los haberes permanecer\u00e1n depositados en sus cuentas.<\/p>\n\n\n\n<p><strong>Programa Alimentario PAMI<\/strong><br>En el marco del Programa Alimentario PAMI, la ANSES abona hoy el pago extraordinario equivalente al monto del bols\u00f3n de alimentos para titulares de Pensiones No Contributivas (PNC) con documentos finalizados en\u00a0<strong>4\u00a0<\/strong>y<strong>\u00a05<\/strong>. Para m\u00e1s informaci\u00f3n se puede ingresar a\u00a0<a rel=\"noreferrer noopener\" href=\"http:\/\/www.pami.org.ar\/programa-alimentario\" target=\"_blank\">www.pami.org.ar\/programa-alimentario<\/a>.<\/p>\n\n\n\n<p><strong>Programa Cultura Solidaria<\/strong><br>La ANSES paga hoy la primera cuota de 15 mil pesos del programa\u00a0<em>Cultura Solidaria<\/em>\u00a0del Ministerio de Cultura de la Naci\u00f3n a 48.855 trabajadores y trabajadoras para impulsar el desarrollo de las industrias de este rubro afectadas por la pandemia. Este programa tiene una inversi\u00f3n de 732 millones de pesos.<\/p>\n","protected":false},"excerpt":{"rendered":"<p>El organismo, a cargo de la Lic. Fernanda Raverta, informa que hoy contin\u00faa el pago del refuerzo de los 15.000 pesos para beneficiarios del AMBA y, adem\u00e1s, se abonan Pensiones No Contributivas y los programas Alimentario PAMI y Cultura Solidaria. Refuerzo de 15.000 pesos para el AMBAHoy se deposita, autom\u00e1ticamente y sin tr\u00e1mite previo, el [&hellip;]<\/p>\n","protected":false},"author":4,"featured_media":78151,"comment_status":"open","ping_status":"closed","sticky":false,"template":"","format":"standard","meta":{"om_disable_all_campaigns":false,"_jetpack_memberships_contains_paid_content":false,"footnotes":""},"categories":[101,2],"tags":[],"class_list":["post-91986","post","type-post","status-publish","format-standard","has-post-thumbnail","hentry","category-interes-general-locales","category-locales"],"aioseo_notices":[],"gutentor_comment":0,"jetpack_featured_media_url":"https:\/\/eldiariodesanpedro.com.ar\/sitio\/wp-content\/uploads\/2020\/07\/no_r56y7yhcdxii0d4no_u1ar6zugu8hp9quanses.jpg","jetpack_shortlink":"https:\/\/wp.me\/p6RhLt-nVE","jetpack_sharing_enabled":true,"_links":{"self":[{"href":"https:\/\/eldiariodesanpedro.com.ar\/sitio\/wp-json\/wp\/v2\/posts\/91986","targetHints":{"allow":["GET"]}}],"collection":[{"href":"https:\/\/eldiariodesanpedro.com.ar\/sitio\/wp-json\/wp\/v2\/posts"}],"about":[{"href":"https:\/\/eldiariodesanpedro.com.ar\/sitio\/wp-json\/wp\/v2\/types\/post"}],"author":[{"embeddable":true,"href":"https:\/\/eldiariodesanpedro.com.ar\/sitio\/wp-json\/wp\/v2\/users\/4"}],"replies":[{"embeddable":true,"href":"https:\/\/eldiariodesanpedro.com.ar\/sitio\/wp-json\/wp\/v2\/comments?post=91986"}],"version-history":[{"count":1,"href":"https:\/\/eldiariodesanpedro.com.ar\/sitio\/wp-json\/wp\/v2\/posts\/91986\/revisions"}],"predecessor-version":[{"id":91987,"href":"https:\/\/eldiariodesanpedro.com.ar\/sitio\/wp-json\/wp\/v2\/posts\/91986\/revisions\/91987"}],"wp:featuredmedia":[{"embeddable":true,"href":"https:\/\/eldiariodesanpedro.com.ar\/sitio\/wp-json\/wp\/v2\/media\/78151"}],"wp:attachment":[{"href":"https:\/\/eldiariodesanpedro.com.ar\/sitio\/wp-json\/wp\/v2\/media?parent=91986"}],"wp:term":[{"taxonomy":"category","embeddable":true,"href":"https:\/\/eldiariodesanpedro.com.ar\/sitio\/wp-json\/wp\/v2\/categories?post=91986"},{"taxonomy":"post_tag","embeddable":true,"href":"https:\/\/eldiariodesanpedro.com.ar\/sitio\/wp-json\/wp\/v2\/tags?post=91986"}],"curies":[{"name":"wp","href":"https:\/\/api.w.org\/{rel}","templated":true}]}}