{"id":91981,"date":"2021-05-04T18:06:23","date_gmt":"2021-05-04T21:06:23","guid":{"rendered":"https:\/\/eldiariodesanpedro.com.ar\/sitio\/?p=91981"},"modified":"2021-05-04T18:06:28","modified_gmt":"2021-05-04T21:06:28","slug":"feria-gastronomica-con-pescados-de-rio-el-proximo-domingo-en-complejo-ex-tiro-federal","status":"publish","type":"post","link":"https:\/\/eldiariodesanpedro.com.ar\/sitio\/feria-gastronomica-con-pescados-de-rio-el-proximo-domingo-en-complejo-ex-tiro-federal\/","title":{"rendered":"Feria gastron\u00f3mica con Pescados de R\u00edo el pr\u00f3ximo domingo en Complejo ex Tiro Federal"},"content":{"rendered":"<!-- VideographyWP Plugin Message: Automatic video embedding prevented by plugin options. -->\n\n<p>La Asociaci\u00f3n de Pescadores Artesanales de San Pedro organiza este domingo 9 de mayo de 10.30 a 18.30 una<br>Feria Gastron\u00f3mica con variedad de pescados de r\u00edo. La actividad cuenta con el apoyo de las Secretar\u00edas de Turismo y Desarrollo Econ\u00f3mico con el prop\u00f3sito de generar una oportunidad para quienes se dedican a esta actividad y como otros sectores de la econom\u00eda regional vienen atravesando un momento muy dif\u00edcil.<\/p>\n\n\n\n<p>La propuesta se desarrollar\u00e1 en el Camping del Complejo Municipal Ex-Tiro Federal, respetando todos los protocolos establecidos con la posibilidad de acercarse a comprar y retirar porciones de lo que preparar\u00e1n all\u00ed o, de acuerdo al cupo de espacios disponible, poder sentarse al aire libre a disfrutarlo en el lugar.<\/p>\n\n\n\n<p>Entre las propuestas que ser\u00e1n ofrecidas figuran pescado frito y asado, milanesas, chup\u00edn, hamburguesas, choripez, salchipez, bastoncitos, empanadas, arrollados, pat\u00e9 de pescado, alb\u00f3ndigas y ensalada de pescado que podr\u00e1n acompa\u00f1arse de papas, batatas y calabaza frita.<\/p>\n","protected":false},"excerpt":{"rendered":"<p>La Asociaci\u00f3n de Pescadores Artesanales de San Pedro organiza este domingo 9 de mayo de 10.30 a 18.30 unaFeria Gastron\u00f3mica con variedad de pescados de r\u00edo. La actividad cuenta con el apoyo de las Secretar\u00edas de Turismo y Desarrollo Econ\u00f3mico con el prop\u00f3sito de generar una oportunidad para quienes se dedican a esta actividad y [&hellip;]<\/p>\n","protected":false},"author":4,"featured_media":91982,"comment_status":"open","ping_status":"closed","sticky":false,"template":"","format":"standard","meta":{"om_disable_all_campaigns":false,"_jetpack_memberships_contains_paid_content":false,"footnotes":""},"categories":[101,2],"tags":[],"class_list":["post-91981","post","type-post","status-publish","format-standard","has-post-thumbnail","hentry","category-interes-general-locales","category-locales"],"aioseo_notices":[],"gutentor_comment":0,"jetpack_featured_media_url":"https:\/\/eldiariodesanpedro.com.ar\/sitio\/wp-content\/uploads\/2021\/05\/WhatsApp-Image-2021-05-04-at-17.50.28.jpeg","jetpack_shortlink":"https:\/\/wp.me\/p6RhLt-nVz","jetpack_sharing_enabled":true,"_links":{"self":[{"href":"https:\/\/eldiariodesanpedro.com.ar\/sitio\/wp-json\/wp\/v2\/posts\/91981","targetHints":{"allow":["GET"]}}],"collection":[{"href":"https:\/\/eldiariodesanpedro.com.ar\/sitio\/wp-json\/wp\/v2\/posts"}],"about":[{"href":"https:\/\/eldiariodesanpedro.com.ar\/sitio\/wp-json\/wp\/v2\/types\/post"}],"author":[{"embeddable":true,"href":"https:\/\/eldiariodesanpedro.com.ar\/sitio\/wp-json\/wp\/v2\/users\/4"}],"replies":[{"embeddable":true,"href":"https:\/\/eldiariodesanpedro.com.ar\/sitio\/wp-json\/wp\/v2\/comments?post=91981"}],"version-history":[{"count":1,"href":"https:\/\/eldiariodesanpedro.com.ar\/sitio\/wp-json\/wp\/v2\/posts\/91981\/revisions"}],"predecessor-version":[{"id":91983,"href":"https:\/\/eldiariodesanpedro.com.ar\/sitio\/wp-json\/wp\/v2\/posts\/91981\/revisions\/91983"}],"wp:featuredmedia":[{"embeddable":true,"href":"https:\/\/eldiariodesanpedro.com.ar\/sitio\/wp-json\/wp\/v2\/media\/91982"}],"wp:attachment":[{"href":"https:\/\/eldiariodesanpedro.com.ar\/sitio\/wp-json\/wp\/v2\/media?parent=91981"}],"wp:term":[{"taxonomy":"category","embeddable":true,"href":"https:\/\/eldiariodesanpedro.com.ar\/sitio\/wp-json\/wp\/v2\/categories?post=91981"},{"taxonomy":"post_tag","embeddable":true,"href":"https:\/\/eldiariodesanpedro.com.ar\/sitio\/wp-json\/wp\/v2\/tags?post=91981"}],"curies":[{"name":"wp","href":"https:\/\/api.w.org\/{rel}","templated":true}]}}