{"id":91965,"date":"2021-05-04T12:28:21","date_gmt":"2021-05-04T15:28:21","guid":{"rendered":"https:\/\/eldiariodesanpedro.com.ar\/sitio\/?p=91965"},"modified":"2021-05-04T12:28:34","modified_gmt":"2021-05-04T15:28:34","slug":"conformaron-oficialmente-la-nueva-comision-de-fomento-en-pueblo-doyle","status":"publish","type":"post","link":"https:\/\/eldiariodesanpedro.com.ar\/sitio\/conformaron-oficialmente-la-nueva-comision-de-fomento-en-pueblo-doyle\/","title":{"rendered":"Conformaron oficialmente la nueva Comisi\u00f3n de Fomento en Pueblo Doyle"},"content":{"rendered":"<!-- VideographyWP Plugin Message: Automatic video embedding prevented by plugin options. -->\n\n<p>Se realiz\u00f3 la semana pasada, la reuni\u00f3n para activar nuevamente la Comisi\u00f3n de Fomento de Pueblo Doyle, dentro de las acciones que viene llevando adelante la Direcci\u00f3n de Comisiones de Fomento de la Municipalidad de San Pedro.<\/p>\n\n\n\n<p>Al aire libre, el jueves 29 y con la presencia de funcionarios del gobierno municipal, vecinos y el nuevo subdelegado Luciano Juhant, se analizaron todos los temas que preocupan a esa comunidad.<\/p>\n\n\n\n<p>Adem\u00e1s de Adri\u00e1n De Vito, Director de Comisiones de Fomento, participaron el Secretario de Desarrollo Humano Walter S\u00e1nchez, la Secretaria de Turismo Marcela Cu\u00f1er, el Secretario de Servicios P\u00fablicos Ariel Alvarez y el Coordinador de Polic\u00edas Juan Carlos Ag\u00fcero.<\/p>\n\n\n\n<p>Dentro de los temas m\u00e1s importantes que necesitan atenci\u00f3n y que fueron expuestos por los vecinos figuran la seguridad, reparaciones, mejoras y ampliaciones en luminarias, arreglo de calles, mantenimiento de plaza y paseo p\u00fablico local y avanzar en la construcci\u00f3n del Centro Comunitario.<\/p>\n\n\n\n<p>Desde la Direcci\u00f3n se ha venido formalizando la creaci\u00f3n o reactivaci\u00f3n de varias Comisiones de Fomento en los barrios Hermano Indio, Los Naranjos, Alvear, La Buena Moza y Villa Lolita.<\/p>\n\n\n\n<figure class=\"wp-block-image size-large\"><img decoding=\"async\" width=\"1024\" height=\"682\" data-attachment-id=\"91966\" data-permalink=\"https:\/\/eldiariodesanpedro.com.ar\/sitio\/conformaron-oficialmente-la-nueva-comision-de-fomento-en-pueblo-doyle\/whatsapp-image-2021-05-04-at-12-20-33\/\" data-orig-file=\"https:\/\/eldiariodesanpedro.com.ar\/sitio\/wp-content\/uploads\/2021\/05\/WhatsApp-Image-2021-05-04-at-12.20.33.jpeg\" data-orig-size=\"1280,853\" data-comments-opened=\"1\" data-image-meta=\"{&quot;aperture&quot;:&quot;0&quot;,&quot;credit&quot;:&quot;&quot;,&quot;camera&quot;:&quot;&quot;,&quot;caption&quot;:&quot;&quot;,&quot;created_timestamp&quot;:&quot;0&quot;,&quot;copyright&quot;:&quot;&quot;,&quot;focal_length&quot;:&quot;0&quot;,&quot;iso&quot;:&quot;0&quot;,&quot;shutter_speed&quot;:&quot;0&quot;,&quot;title&quot;:&quot;&quot;,&quot;orientation&quot;:&quot;0&quot;}\" data-image-title=\"WhatsApp Image 2021-05-04 at 12.20.33\" data-image-description=\"\" data-image-caption=\"\" data-large-file=\"https:\/\/eldiariodesanpedro.com.ar\/sitio\/wp-content\/uploads\/2021\/05\/WhatsApp-Image-2021-05-04-at-12.20.33-1024x682.jpeg\" data-src=\"https:\/\/eldiariodesanpedro.com.ar\/sitio\/wp-content\/uploads\/2021\/05\/WhatsApp-Image-2021-05-04-at-12.20.33-1024x682.jpeg\" alt=\"\" class=\"wp-image-91966 lazyload\" data-srcset=\"https:\/\/eldiariodesanpedro.com.ar\/sitio\/wp-content\/uploads\/2021\/05\/WhatsApp-Image-2021-05-04-at-12.20.33-1024x682.jpeg 1024w, https:\/\/eldiariodesanpedro.com.ar\/sitio\/wp-content\/uploads\/2021\/05\/WhatsApp-Image-2021-05-04-at-12.20.33-300x200.jpeg 300w, https:\/\/eldiariodesanpedro.com.ar\/sitio\/wp-content\/uploads\/2021\/05\/WhatsApp-Image-2021-05-04-at-12.20.33-768x512.jpeg 768w, https:\/\/eldiariodesanpedro.com.ar\/sitio\/wp-content\/uploads\/2021\/05\/WhatsApp-Image-2021-05-04-at-12.20.33.jpeg 1280w\" data-sizes=\"(max-width: 1024px) 100vw, 1024px\" src=\"data:image\/svg+xml;base64,PHN2ZyB3aWR0aD0iMSIgaGVpZ2h0PSIxIiB4bWxucz0iaHR0cDovL3d3dy53My5vcmcvMjAwMC9zdmciPjwvc3ZnPg==\" style=\"--smush-placeholder-width: 1024px; --smush-placeholder-aspect-ratio: 1024\/682;\" \/><\/figure>\n\n\n\n<figure class=\"wp-block-image size-large\"><img decoding=\"async\" width=\"1024\" height=\"682\" data-attachment-id=\"91967\" data-permalink=\"https:\/\/eldiariodesanpedro.com.ar\/sitio\/conformaron-oficialmente-la-nueva-comision-de-fomento-en-pueblo-doyle\/whatsapp-image-2021-05-04-at-12-20-34\/\" data-orig-file=\"https:\/\/eldiariodesanpedro.com.ar\/sitio\/wp-content\/uploads\/2021\/05\/WhatsApp-Image-2021-05-04-at-12.20.34.jpeg\" data-orig-size=\"1280,853\" data-comments-opened=\"1\" data-image-meta=\"{&quot;aperture&quot;:&quot;0&quot;,&quot;credit&quot;:&quot;&quot;,&quot;camera&quot;:&quot;&quot;,&quot;caption&quot;:&quot;&quot;,&quot;created_timestamp&quot;:&quot;0&quot;,&quot;copyright&quot;:&quot;&quot;,&quot;focal_length&quot;:&quot;0&quot;,&quot;iso&quot;:&quot;0&quot;,&quot;shutter_speed&quot;:&quot;0&quot;,&quot;title&quot;:&quot;&quot;,&quot;orientation&quot;:&quot;0&quot;}\" data-image-title=\"WhatsApp Image 2021-05-04 at 12.20.34\" data-image-description=\"\" data-image-caption=\"\" data-large-file=\"https:\/\/eldiariodesanpedro.com.ar\/sitio\/wp-content\/uploads\/2021\/05\/WhatsApp-Image-2021-05-04-at-12.20.34-1024x682.jpeg\" data-src=\"https:\/\/eldiariodesanpedro.com.ar\/sitio\/wp-content\/uploads\/2021\/05\/WhatsApp-Image-2021-05-04-at-12.20.34-1024x682.jpeg\" alt=\"\" class=\"wp-image-91967 lazyload\" data-srcset=\"https:\/\/eldiariodesanpedro.com.ar\/sitio\/wp-content\/uploads\/2021\/05\/WhatsApp-Image-2021-05-04-at-12.20.34-1024x682.jpeg 1024w, https:\/\/eldiariodesanpedro.com.ar\/sitio\/wp-content\/uploads\/2021\/05\/WhatsApp-Image-2021-05-04-at-12.20.34-300x200.jpeg 300w, https:\/\/eldiariodesanpedro.com.ar\/sitio\/wp-content\/uploads\/2021\/05\/WhatsApp-Image-2021-05-04-at-12.20.34-768x512.jpeg 768w, https:\/\/eldiariodesanpedro.com.ar\/sitio\/wp-content\/uploads\/2021\/05\/WhatsApp-Image-2021-05-04-at-12.20.34.jpeg 1280w\" data-sizes=\"(max-width: 1024px) 100vw, 1024px\" src=\"data:image\/svg+xml;base64,PHN2ZyB3aWR0aD0iMSIgaGVpZ2h0PSIxIiB4bWxucz0iaHR0cDovL3d3dy53My5vcmcvMjAwMC9zdmciPjwvc3ZnPg==\" style=\"--smush-placeholder-width: 1024px; --smush-placeholder-aspect-ratio: 1024\/682;\" \/><\/figure>\n","protected":false},"excerpt":{"rendered":"<p>Se realiz\u00f3 la semana pasada, la reuni\u00f3n para activar nuevamente la Comisi\u00f3n de Fomento de Pueblo Doyle, dentro de las acciones que viene llevando adelante la Direcci\u00f3n de Comisiones de Fomento de la Municipalidad de San Pedro. Al aire libre, el jueves 29 y con la presencia de funcionarios del gobierno municipal, vecinos y el [&hellip;]<\/p>\n","protected":false},"author":4,"featured_media":91971,"comment_status":"open","ping_status":"closed","sticky":false,"template":"","format":"standard","meta":{"om_disable_all_campaigns":false,"_jetpack_memberships_contains_paid_content":false,"footnotes":""},"categories":[50,101,2],"tags":[],"class_list":["post-91965","post","type-post","status-publish","format-standard","has-post-thumbnail","hentry","category-destacadas","category-interes-general-locales","category-locales"],"aioseo_notices":[],"gutentor_comment":0,"jetpack_featured_media_url":"https:\/\/eldiariodesanpedro.com.ar\/sitio\/wp-content\/uploads\/2021\/05\/WhatsApp-Image-2021-05-04-at-12.20.37.jpeg","jetpack_shortlink":"https:\/\/wp.me\/p6RhLt-nVj","jetpack_sharing_enabled":true,"_links":{"self":[{"href":"https:\/\/eldiariodesanpedro.com.ar\/sitio\/wp-json\/wp\/v2\/posts\/91965","targetHints":{"allow":["GET"]}}],"collection":[{"href":"https:\/\/eldiariodesanpedro.com.ar\/sitio\/wp-json\/wp\/v2\/posts"}],"about":[{"href":"https:\/\/eldiariodesanpedro.com.ar\/sitio\/wp-json\/wp\/v2\/types\/post"}],"author":[{"embeddable":true,"href":"https:\/\/eldiariodesanpedro.com.ar\/sitio\/wp-json\/wp\/v2\/users\/4"}],"replies":[{"embeddable":true,"href":"https:\/\/eldiariodesanpedro.com.ar\/sitio\/wp-json\/wp\/v2\/comments?post=91965"}],"version-history":[{"count":1,"href":"https:\/\/eldiariodesanpedro.com.ar\/sitio\/wp-json\/wp\/v2\/posts\/91965\/revisions"}],"predecessor-version":[{"id":91972,"href":"https:\/\/eldiariodesanpedro.com.ar\/sitio\/wp-json\/wp\/v2\/posts\/91965\/revisions\/91972"}],"wp:featuredmedia":[{"embeddable":true,"href":"https:\/\/eldiariodesanpedro.com.ar\/sitio\/wp-json\/wp\/v2\/media\/91971"}],"wp:attachment":[{"href":"https:\/\/eldiariodesanpedro.com.ar\/sitio\/wp-json\/wp\/v2\/media?parent=91965"}],"wp:term":[{"taxonomy":"category","embeddable":true,"href":"https:\/\/eldiariodesanpedro.com.ar\/sitio\/wp-json\/wp\/v2\/categories?post=91965"},{"taxonomy":"post_tag","embeddable":true,"href":"https:\/\/eldiariodesanpedro.com.ar\/sitio\/wp-json\/wp\/v2\/tags?post=91965"}],"curies":[{"name":"wp","href":"https:\/\/api.w.org\/{rel}","templated":true}]}}