{"id":91961,"date":"2021-05-04T12:09:06","date_gmt":"2021-05-04T15:09:06","guid":{"rendered":"https:\/\/eldiariodesanpedro.com.ar\/sitio\/?p=91961"},"modified":"2021-05-04T12:09:09","modified_gmt":"2021-05-04T15:09:09","slug":"la-cacique-clara-romero-represento-al-centro-de-salud-intercultural-en-el-congreso-de-lactancia-de-la-sociedad-argentina-de-pediatria","status":"publish","type":"post","link":"https:\/\/eldiariodesanpedro.com.ar\/sitio\/la-cacique-clara-romero-represento-al-centro-de-salud-intercultural-en-el-congreso-de-lactancia-de-la-sociedad-argentina-de-pediatria\/","title":{"rendered":"La Cacique Clara Romero represent\u00f3 al Centro de Salud Intercultural en el Congreso de Lactancia de la Sociedad Argentina de Pediatr\u00eda"},"content":{"rendered":"<!-- VideographyWP Plugin Message: Automatic video embedding prevented by plugin options. -->\n\n<p>La autoridad del Pueblo Qom Clara Romero, referente del Centro de Salud Intercultural que funciona en nuestra ciudad represent\u00f3 a San Pedro junto a la Licenciada Cristina Malebra del Seminario Intercultural Identidad y Culturas Aut\u00f3ctonas, en el Congreso de Lactancia organizado de manera virtual por la Sociedad Argentina de Pediatr\u00eda.<\/p>\n\n\n\n<p>Por primera vez en su historia, dentro de una serie de mesas tem\u00e1ticas organizadas por la SAP, se concret\u00f3 este espacio para la Salud Intercultural lo que ha sido un gran logro para el constante trabajo que se realiza para colocar en el espacio que merece a esta especialidad.<\/p>\n\n\n\n<p>En a\u00f1os anteriores se hab\u00edan ofrecido mesas incluyendo el tema Salud y Pueblos Originarios pero \u00e9sta ha sido la primera en la que espec\u00edficamente se denomin\u00f3 con ese concepto (Salud Intercultural), posibilitando desplegar con mayor amplitud su complejidad de tem\u00e1ticas y perspectivas.<\/p>\n\n\n\n<p>Desde la Secretar\u00eda de Salud se destaca este acontecimiento con un reconocimiento muy especial por el trabajo que se viene cumpliendo junto al municipio en los \u00faltimos cuatro a\u00f1os. El pasado 12 de marzo, se concret\u00f3 la reapertura del Centro de Salud Intercultural de San Pedro luego de los meses en los que estuvo cerrado por la Pandemia.<\/p>\n\n\n\n<p>El Centro de Salud Intercultural funciona en Manuel Iglesias 1515 con un espacio en el que se complementan al servicio de los vecinos la medicina occidental y la medicina tradicional ind\u00edgena.<\/p>\n\n\n\n<p><strong>Para solicitar turnos pueden comunicarse de lunes a viernes de 12 a 20 al 4-26-832.<\/strong><\/p>\n\n\n\n<figure class=\"wp-block-image size-large is-resized\"><img decoding=\"async\" data-attachment-id=\"91963\" data-permalink=\"https:\/\/eldiariodesanpedro.com.ar\/sitio\/la-cacique-clara-romero-represento-al-centro-de-salud-intercultural-en-el-congreso-de-lactancia-de-la-sociedad-argentina-de-pediatria\/whatsapp-image-2021-05-04-at-11-49-26\/\" data-orig-file=\"https:\/\/eldiariodesanpedro.com.ar\/sitio\/wp-content\/uploads\/2021\/05\/WhatsApp-Image-2021-05-04-at-11.49.26.jpeg\" data-orig-size=\"740,336\" data-comments-opened=\"1\" data-image-meta=\"{&quot;aperture&quot;:&quot;0&quot;,&quot;credit&quot;:&quot;&quot;,&quot;camera&quot;:&quot;&quot;,&quot;caption&quot;:&quot;&quot;,&quot;created_timestamp&quot;:&quot;0&quot;,&quot;copyright&quot;:&quot;&quot;,&quot;focal_length&quot;:&quot;0&quot;,&quot;iso&quot;:&quot;0&quot;,&quot;shutter_speed&quot;:&quot;0&quot;,&quot;title&quot;:&quot;&quot;,&quot;orientation&quot;:&quot;0&quot;}\" data-image-title=\"WhatsApp-Image-2021-05-04-at-11.49.26\" data-image-description=\"\" data-image-caption=\"\" data-large-file=\"https:\/\/eldiariodesanpedro.com.ar\/sitio\/wp-content\/uploads\/2021\/05\/WhatsApp-Image-2021-05-04-at-11.49.26.jpeg\" data-src=\"https:\/\/eldiariodesanpedro.com.ar\/sitio\/wp-content\/uploads\/2021\/05\/WhatsApp-Image-2021-05-04-at-11.49.26.jpeg\" alt=\"\" class=\"wp-image-91963 lazyload\" width=\"842\" height=\"382\" data-srcset=\"https:\/\/eldiariodesanpedro.com.ar\/sitio\/wp-content\/uploads\/2021\/05\/WhatsApp-Image-2021-05-04-at-11.49.26.jpeg 740w, https:\/\/eldiariodesanpedro.com.ar\/sitio\/wp-content\/uploads\/2021\/05\/WhatsApp-Image-2021-05-04-at-11.49.26-300x136.jpeg 300w\" data-sizes=\"(max-width: 842px) 100vw, 842px\" src=\"data:image\/svg+xml;base64,PHN2ZyB3aWR0aD0iMSIgaGVpZ2h0PSIxIiB4bWxucz0iaHR0cDovL3d3dy53My5vcmcvMjAwMC9zdmciPjwvc3ZnPg==\" style=\"--smush-placeholder-width: 842px; --smush-placeholder-aspect-ratio: 842\/382;\" \/><\/figure>\n","protected":false},"excerpt":{"rendered":"<p>La autoridad del Pueblo Qom Clara Romero, referente del Centro de Salud Intercultural que funciona en nuestra ciudad represent\u00f3 a San Pedro junto a la Licenciada Cristina Malebra del Seminario Intercultural Identidad y Culturas Aut\u00f3ctonas, en el Congreso de Lactancia organizado de manera virtual por la Sociedad Argentina de Pediatr\u00eda. Por primera vez en su [&hellip;]<\/p>\n","protected":false},"author":4,"featured_media":91962,"comment_status":"open","ping_status":"closed","sticky":false,"template":"","format":"standard","meta":{"om_disable_all_campaigns":false,"_jetpack_memberships_contains_paid_content":false,"footnotes":""},"categories":[101,2],"tags":[],"class_list":["post-91961","post","type-post","status-publish","format-standard","has-post-thumbnail","hentry","category-interes-general-locales","category-locales"],"aioseo_notices":[],"gutentor_comment":0,"jetpack_featured_media_url":"https:\/\/eldiariodesanpedro.com.ar\/sitio\/wp-content\/uploads\/2021\/05\/salud1.jpg","jetpack_shortlink":"https:\/\/wp.me\/p6RhLt-nVf","jetpack_sharing_enabled":true,"_links":{"self":[{"href":"https:\/\/eldiariodesanpedro.com.ar\/sitio\/wp-json\/wp\/v2\/posts\/91961","targetHints":{"allow":["GET"]}}],"collection":[{"href":"https:\/\/eldiariodesanpedro.com.ar\/sitio\/wp-json\/wp\/v2\/posts"}],"about":[{"href":"https:\/\/eldiariodesanpedro.com.ar\/sitio\/wp-json\/wp\/v2\/types\/post"}],"author":[{"embeddable":true,"href":"https:\/\/eldiariodesanpedro.com.ar\/sitio\/wp-json\/wp\/v2\/users\/4"}],"replies":[{"embeddable":true,"href":"https:\/\/eldiariodesanpedro.com.ar\/sitio\/wp-json\/wp\/v2\/comments?post=91961"}],"version-history":[{"count":1,"href":"https:\/\/eldiariodesanpedro.com.ar\/sitio\/wp-json\/wp\/v2\/posts\/91961\/revisions"}],"predecessor-version":[{"id":91964,"href":"https:\/\/eldiariodesanpedro.com.ar\/sitio\/wp-json\/wp\/v2\/posts\/91961\/revisions\/91964"}],"wp:featuredmedia":[{"embeddable":true,"href":"https:\/\/eldiariodesanpedro.com.ar\/sitio\/wp-json\/wp\/v2\/media\/91962"}],"wp:attachment":[{"href":"https:\/\/eldiariodesanpedro.com.ar\/sitio\/wp-json\/wp\/v2\/media?parent=91961"}],"wp:term":[{"taxonomy":"category","embeddable":true,"href":"https:\/\/eldiariodesanpedro.com.ar\/sitio\/wp-json\/wp\/v2\/categories?post=91961"},{"taxonomy":"post_tag","embeddable":true,"href":"https:\/\/eldiariodesanpedro.com.ar\/sitio\/wp-json\/wp\/v2\/tags?post=91961"}],"curies":[{"name":"wp","href":"https:\/\/api.w.org\/{rel}","templated":true}]}}