{"id":91957,"date":"2021-05-04T11:06:21","date_gmt":"2021-05-04T14:06:21","guid":{"rendered":"https:\/\/eldiariodesanpedro.com.ar\/sitio\/?p=91957"},"modified":"2021-05-04T11:06:25","modified_gmt":"2021-05-04T14:06:25","slug":"coronavirus-se-recibieron-33-casos-positivos-y-36-negativos-los-activos-se-mantienen-en-175","status":"publish","type":"post","link":"https:\/\/eldiariodesanpedro.com.ar\/sitio\/coronavirus-se-recibieron-33-casos-positivos-y-36-negativos-los-activos-se-mantienen-en-175\/","title":{"rendered":"Coronavirus: Se recibieron 33 casos positivos y 36 negativos, los activos se mantienen en 175"},"content":{"rendered":"<!-- VideographyWP Plugin Message: Automatic video embedding prevented by plugin options. -->\n\n<p>La Secretar\u00eda de Salud de la Municipalidad de San Pedro brinda el informe que acompa\u00f1a la placa del d\u00eda de la fecha, en el seguimiento de la Pandemia de Covid-19.<\/p>\n\n\n\n<p>Se recibieron del Laboratorio Central Lab los resultados de los \u00faltimos env\u00edos de muestras con 32 positivos, y se confirm\u00f3 1 caso positivo, a trav\u00e9s de los testeos r\u00e1pidos que se realizan en el Laboratorio del Hospital, totalizando 33 nuevos casos positivos.<\/p>\n\n\n\n<p>Sobre el resto de las muestras recibidas, el Laboratorio Central Lab inform\u00f3 36 resultados negativos.<\/p>\n\n\n\n<p>Los positivos est\u00e1n divididos en:<\/p>\n\n\n\n<ul class=\"wp-block-list\"><li>Central Lab<\/li><li>20 mujeres de 11, 19, 23, 28, 29, 33, 34, 38(3), 39, 40, 45, 47(2), 54, 56, 65, 73 y 75 a\u00f1os.<\/li><li>12 hombres de 11, 29(2), 34, 38, 42, 48, 56, 57, 64, 73 y 74 a\u00f1os.<\/li><li>Laboratorio del Hospital: Un hombre de 29 a\u00f1os.<\/li><li>Se enviaron 108 nuevas muestras, totalizando 109 muestras pendientes. Cuando se reciban los resultados ser\u00e1n comunicados.<\/li><li>Se incorporan a la estad\u00edstica oficial 15 altas.<\/li><li>Se informaron los fallecimientos del Sr. H\u00e9ctor Horacio Bernardotti de 77 a\u00f1os y del Sr. Pedro Prats, de 49 a\u00f1os, internados con COVID 19 positivo.<\/li><\/ul>\n\n\n\n<p>Resumen actualizado de informaci\u00f3n oficial<\/p>\n\n\n\n<p>Positivos desde el inicio de la Pandemia: 3123<br>Activos: 175<br>Recuperados: 2841<br>Fallecidos: 107<br>Negativos desde el inicio de la Pandemia: 4893<\/p>\n\n\n\n<p>Los datos consignados en este informe corresponden a casos analizados a trav\u00e9s hisopados realizados en los \u00abconsultorios amarillos\u00bb analizados por el Laboratorio Central Lab y testeos r\u00e1pidos efectuados en el Laboratorio del Hospital.<\/p>\n\n\n\n<p>&#x1f449; Usar tapabocas.<br>&#x1f449; Mantener la distancia m\u00ednima de 2 metros.<br>&#x1f449; Extremar la higiene de los espacios.<br>&#x1f449; Mantener las manos limpias.<\/p>\n\n\n\n<p>Se recuerda que, ante s\u00edntomas de tos seca, fiebre y dolor de garganta se puede llamar al 148 o 107<\/p>\n","protected":false},"excerpt":{"rendered":"<p>La Secretar\u00eda de Salud de la Municipalidad de San Pedro brinda el informe que acompa\u00f1a la placa del d\u00eda de la fecha, en el seguimiento de la Pandemia de Covid-19. Se recibieron del Laboratorio Central Lab los resultados de los \u00faltimos env\u00edos de muestras con 32 positivos, y se confirm\u00f3 1 caso positivo, a trav\u00e9s [&hellip;]<\/p>\n","protected":false},"author":4,"featured_media":77072,"comment_status":"open","ping_status":"closed","sticky":false,"template":"","format":"standard","meta":{"om_disable_all_campaigns":false,"_jetpack_memberships_contains_paid_content":false,"footnotes":""},"categories":[50,101,2],"tags":[],"class_list":["post-91957","post","type-post","status-publish","format-standard","has-post-thumbnail","hentry","category-destacadas","category-interes-general-locales","category-locales"],"aioseo_notices":[],"gutentor_comment":0,"jetpack_featured_media_url":"https:\/\/eldiariodesanpedro.com.ar\/sitio\/wp-content\/uploads\/2020\/07\/test-de-covid-19_1.jpg","jetpack_shortlink":"https:\/\/wp.me\/p6RhLt-nVb","jetpack_sharing_enabled":true,"_links":{"self":[{"href":"https:\/\/eldiariodesanpedro.com.ar\/sitio\/wp-json\/wp\/v2\/posts\/91957","targetHints":{"allow":["GET"]}}],"collection":[{"href":"https:\/\/eldiariodesanpedro.com.ar\/sitio\/wp-json\/wp\/v2\/posts"}],"about":[{"href":"https:\/\/eldiariodesanpedro.com.ar\/sitio\/wp-json\/wp\/v2\/types\/post"}],"author":[{"embeddable":true,"href":"https:\/\/eldiariodesanpedro.com.ar\/sitio\/wp-json\/wp\/v2\/users\/4"}],"replies":[{"embeddable":true,"href":"https:\/\/eldiariodesanpedro.com.ar\/sitio\/wp-json\/wp\/v2\/comments?post=91957"}],"version-history":[{"count":1,"href":"https:\/\/eldiariodesanpedro.com.ar\/sitio\/wp-json\/wp\/v2\/posts\/91957\/revisions"}],"predecessor-version":[{"id":91958,"href":"https:\/\/eldiariodesanpedro.com.ar\/sitio\/wp-json\/wp\/v2\/posts\/91957\/revisions\/91958"}],"wp:featuredmedia":[{"embeddable":true,"href":"https:\/\/eldiariodesanpedro.com.ar\/sitio\/wp-json\/wp\/v2\/media\/77072"}],"wp:attachment":[{"href":"https:\/\/eldiariodesanpedro.com.ar\/sitio\/wp-json\/wp\/v2\/media?parent=91957"}],"wp:term":[{"taxonomy":"category","embeddable":true,"href":"https:\/\/eldiariodesanpedro.com.ar\/sitio\/wp-json\/wp\/v2\/categories?post=91957"},{"taxonomy":"post_tag","embeddable":true,"href":"https:\/\/eldiariodesanpedro.com.ar\/sitio\/wp-json\/wp\/v2\/tags?post=91957"}],"curies":[{"name":"wp","href":"https:\/\/api.w.org\/{rel}","templated":true}]}}