{"id":91953,"date":"2021-05-04T10:50:40","date_gmt":"2021-05-04T13:50:40","guid":{"rendered":"https:\/\/eldiariodesanpedro.com.ar\/sitio\/?p=91953"},"modified":"2021-05-04T10:50:42","modified_gmt":"2021-05-04T13:50:42","slug":"aprueban-protocolos-para-kioscos-librerias-y-fotocopiadoras-en-escuelas-bonaerenses","status":"publish","type":"post","link":"https:\/\/eldiariodesanpedro.com.ar\/sitio\/aprueban-protocolos-para-kioscos-librerias-y-fotocopiadoras-en-escuelas-bonaerenses\/","title":{"rendered":"Aprueban protocolos para kioscos, librer\u00edas y fotocopiadoras en escuelas bonaerenses"},"content":{"rendered":"<!-- VideographyWP Plugin Message: Automatic video embedding prevented by plugin options. -->\n\n<p>El Gobierno bonaerense aprob\u00f3 protocolos para abrir kioscos, librer\u00edas y centros de copiado en escuelas.<\/p>\n\n\n\n<p>El Gobierno de la provincia de Buenos Aires aprob\u00f3 este martes el protocolo para la apertura de\u00a0<strong>kioscos,<\/strong>\u00a0librer\u00edas y centros de copiado en las escuelas de gesti\u00f3n estatal y privada. De esta manera, el funcionamiento ser\u00e1 bajo estrictas normas en el marco de la pandemia de coronavirus.<\/p>\n\n\n\n<p>La oficializaci\u00f3n de la medida fue a trav\u00e9s de la resoluci\u00f3n 1.490 publicada en el Bolet\u00edn oficial con la firma de la directora General de Cultura y Educaci\u00f3n, Agustina Vila. La misma forma parte del \u00abPlan Jurisdiccional de la provincia de Buenos Aires para un Regreso Seguro a las\u00a0<strong>Clases\u00bb.<\/strong><\/p>\n\n\n\n<p>La resoluci\u00f3n establece la&nbsp;\u00abaprobaci\u00f3n de los Protocolos para la apertura de kioscos escolares en establecimientos educativos de gesti\u00f3n estatal y de gesti\u00f3n privada y para la apertura de librer\u00edas y centros de copiado escolares en establecimientos educativos de gesti\u00f3n estatal y de gesti\u00f3n privada\u00bb.<\/p>\n\n\n\n<p>Entre los fundamentos, la Provincia indic\u00f3 que \u00abteniendo como base el mencionado Plan Jurisdiccional y las medidas rectoras all\u00ed adoptadas, resulta necesario en esta instancia aprobar los Protocolos para la apertura de kioscos escolares y para la apertura de librer\u00edas y centro de copiados escolares\u00bb.<\/p>\n\n\n\n<p>Asimismo, la resoluci\u00f3n detall\u00f3 que&nbsp;\u00abla Direcci\u00f3n Provincial de Consejos Escolares y Coordinaci\u00f3n Institucional propici\u00f3 la aprobaci\u00f3n de los mencionados protocolos los que establecen los lineamientos generales y particulares que deben tenerse en cuenta y ser cumplimentados por parte de las y los concesionarios de kioscos y librer\u00edas escolares a los fines de velar por las medidas de cuidado, distanciamiento, higiene personal, limpieza, desinfecci\u00f3n y ventilaci\u00f3n de los espacios\u00bb.<\/p>\n\n\n\n<p>Adem\u00e1s, se remarc\u00f3 que \u00ablos mencionados protocolos contribuyen a minimizar la propagaci\u00f3n del virus COVID-19 en el marco del reinicio de la actividad presencial en el ciclo lectivo en la provincia de Buenos Aires\u00bb.<\/p>\n\n\n\n<p>En tanto, el Gobierno bonaerense asegur\u00f3 en las \u00faltimas que en las\u00a0<strong>escuelas<\/strong>\u00a0de los 88 distritos de la Provincia donde contin\u00faan las clases presenciales se trabaja \u00abcon el amplio compromiso\u00bb de toda la comunidad educativa para asegurar una presencialidad cuidada en los niveles Inicial, Primario, Secundario y la modalidad de Educaci\u00f3n Especial. Se intensificar\u00e1n las medidas de cuidado, poniendo \u00e9nfasis en la ventilaci\u00f3n y la adecuada renovaci\u00f3n del aire, as\u00ed como tambi\u00e9n en la vigilancia epidemiol\u00f3gica permanente mediante testeos realizados a auxiliares y docentes.<\/p>\n\n\n\n<p>Por otra parte, para los 47 municipios que est\u00e1n Fase 2, se suspenden las clases presenciales en todos los niveles y modalidades, a excepci\u00f3n de la modalidad de Educaci\u00f3n Especial, y se refuerzan las estrategias de continuidad pedag\u00f3gica no presencial para acompa\u00f1ar el intenso trabajo que vienen realizando docentes, estudiantes y familias<\/p>\n\n\n\n<p>Fuente: <a href=\"https:\/\/infocielo.com\/kioscos\/kioscos-las-escuelas-la-provincia-aprobo-protocolos-n710979\">Infocielo<\/a><\/p>\n","protected":false},"excerpt":{"rendered":"<p>El Gobierno bonaerense aprob\u00f3 protocolos para abrir kioscos, librer\u00edas y centros de copiado en escuelas. El Gobierno de la provincia de Buenos Aires aprob\u00f3 este martes el protocolo para la apertura de\u00a0kioscos,\u00a0librer\u00edas y centros de copiado en las escuelas de gesti\u00f3n estatal y privada. De esta manera, el funcionamiento ser\u00e1 bajo estrictas normas en el [&hellip;]<\/p>\n","protected":false},"author":4,"featured_media":91954,"comment_status":"open","ping_status":"closed","sticky":false,"template":"","format":"standard","meta":{"om_disable_all_campaigns":false,"_jetpack_memberships_contains_paid_content":false,"footnotes":""},"categories":[621],"tags":[],"class_list":["post-91953","post","type-post","status-publish","format-standard","has-post-thumbnail","hentry","category-regionales"],"aioseo_notices":[],"gutentor_comment":0,"jetpack_featured_media_url":"https:\/\/eldiariodesanpedro.com.ar\/sitio\/wp-content\/uploads\/2021\/05\/la-provincia-aprobo-protocolos-kioscos-las-escuelas.jpg","jetpack_shortlink":"https:\/\/wp.me\/p6RhLt-nV7","jetpack_sharing_enabled":true,"_links":{"self":[{"href":"https:\/\/eldiariodesanpedro.com.ar\/sitio\/wp-json\/wp\/v2\/posts\/91953","targetHints":{"allow":["GET"]}}],"collection":[{"href":"https:\/\/eldiariodesanpedro.com.ar\/sitio\/wp-json\/wp\/v2\/posts"}],"about":[{"href":"https:\/\/eldiariodesanpedro.com.ar\/sitio\/wp-json\/wp\/v2\/types\/post"}],"author":[{"embeddable":true,"href":"https:\/\/eldiariodesanpedro.com.ar\/sitio\/wp-json\/wp\/v2\/users\/4"}],"replies":[{"embeddable":true,"href":"https:\/\/eldiariodesanpedro.com.ar\/sitio\/wp-json\/wp\/v2\/comments?post=91953"}],"version-history":[{"count":1,"href":"https:\/\/eldiariodesanpedro.com.ar\/sitio\/wp-json\/wp\/v2\/posts\/91953\/revisions"}],"predecessor-version":[{"id":91955,"href":"https:\/\/eldiariodesanpedro.com.ar\/sitio\/wp-json\/wp\/v2\/posts\/91953\/revisions\/91955"}],"wp:featuredmedia":[{"embeddable":true,"href":"https:\/\/eldiariodesanpedro.com.ar\/sitio\/wp-json\/wp\/v2\/media\/91954"}],"wp:attachment":[{"href":"https:\/\/eldiariodesanpedro.com.ar\/sitio\/wp-json\/wp\/v2\/media?parent=91953"}],"wp:term":[{"taxonomy":"category","embeddable":true,"href":"https:\/\/eldiariodesanpedro.com.ar\/sitio\/wp-json\/wp\/v2\/categories?post=91953"},{"taxonomy":"post_tag","embeddable":true,"href":"https:\/\/eldiariodesanpedro.com.ar\/sitio\/wp-json\/wp\/v2\/tags?post=91953"}],"curies":[{"name":"wp","href":"https:\/\/api.w.org\/{rel}","templated":true}]}}