{"id":91950,"date":"2021-05-04T10:46:25","date_gmt":"2021-05-04T13:46:25","guid":{"rendered":"https:\/\/eldiariodesanpedro.com.ar\/sitio\/?p=91950"},"modified":"2021-05-04T10:52:03","modified_gmt":"2021-05-04T13:52:03","slug":"gollan-valoro-el-descenso-de-casos-y-establecio-un-nuevo-indicador-de-referencia","status":"publish","type":"post","link":"https:\/\/eldiariodesanpedro.com.ar\/sitio\/gollan-valoro-el-descenso-de-casos-y-establecio-un-nuevo-indicador-de-referencia\/","title":{"rendered":"Gollan valor\u00f3 el descenso de casos y estableci\u00f3 un nuevo indicador de referencia"},"content":{"rendered":"<!-- VideographyWP Plugin Message: Automatic video embedding prevented by plugin options. -->\n\n<p>El ministro de Salud bonaerense habl\u00f3 en conferencia este martes y rescat\u00f3 la importancia de las medidas empleadas para bajar la circulaci\u00f3n del virus. Adem\u00e1s, explic\u00f3 que el indicador de la ocupaci\u00f3n de las camas de terapia intensiva se fijo en un 80% y va a tener una dimensi\u00f3n regional.<\/p>\n\n\n\n<p>En el habitual informe de situaci\u00f3n que brindan los martes en Casa de Gobierno, el ministro de Salud, Daniel Gollan, acompa\u00f1ado por el jefe de gabinete, Carlos Bianco, ponder\u00f3 los resultados de las medidas establecidas a trav\u00e9s del DNU impulsado por el ejecutivo nacional, resaltando que a priori, los resultados son buenos.&nbsp;<\/p>\n\n\n\n<p>\u00abLas medidas de cuidado han llevado a que tengamos resultados positivos en cuanto a que se cort\u00f3 la subida exponencial de casos positivos\u00bb, remarc\u00f3 Gollan y detall\u00f3 que \u00abempezamos con un descenso y es valorable que haya sucedido. Volvemos a constatar que cuando se toman medidas de cuidado y evitan la circulaci\u00f3n del virus tenemos este descenso de casos\u00bb, asever\u00f3.<\/p>\n\n\n\n<p>Por otra parte, se refiri\u00f3 a la situaci\u00f3n de las terapias intensivas en la Provincia y la consider\u00f3 \u00abcomplicada en t\u00e9rminos de ocupaci\u00f3n de camas porque estamos observando que entran muchos pacientes y que se quedan muchos d\u00edas internados, fundamentalmente porque hay un aumento muy fuerte de internaci\u00f3n en pacientes j\u00f3venes\u00bb.<\/p>\n\n\n\n<p>Y en el mismo sentido sostuvo que \u00abla mayor cantidad de camas que se van liberando por egreso de la terapias es por \u00f3bitos, y no por mejor\u00edas del pacientes. Estamos llegando a 7 de cada 10 personas que fallecen una vez ingresadas a terapia\u00bb.<\/p>\n\n\n\n<p>Adem\u00e1s, el ministro de Salud explic\u00f3 van a establecer un \u00abindicador de la ocupaci\u00f3n de las camas de terapia intensiva, el cual se fij\u00f3&nbsp;en un 80% de ocupaci\u00f3n\u00bb, y puntualiz\u00f3 que \u00ablas camas no se pueden medir por municipio, sino que toma una dimensi\u00f3n regional, y este indicador va a tener en cuenta la velocidad con que se instalan los casos en ese municipio\u00bb.<\/p>\n\n\n\n<p>A su vez, record\u00f3 que \u00abhemos ampliado camas de UTI&nbsp;en varios distritos\u00bb, pero mencion\u00f3 que \u00abhay muchos imponderables que hay que atender, y por eso tenemos que construir un indicador nuevo que tenga en cuenta todas estas variables, que no son s\u00f3lo de un municipio\u00bb.<br><br>De esa forma, el titular de Salud adelant\u00f3 que \u00abcada domingo se va a informar por regi\u00f3n y por zona cu\u00e1l es la ocupaci\u00f3n de camas global, prorrateando las camas por el conjunto de toda la poblaci\u00f3n de la zona. En el sector privado tambi\u00e9n ocurre algo similar\u00bb, detall\u00f3.<\/p>\n\n\n\n<p>Respecto a la cantidad de camas, Gollan expres\u00f3 que \u00abhemos agregados m\u00e1s y&nbsp;tenemos 2313 de terapia intensiva que es entre otras cosas lo que evit\u00f3 que tuvi\u00e9ramos un colapso mucho m\u00e1s marcado. Con un esfuerzo enorme de los trabajadores de la salud, se logr\u00f3 expandir la oferta de camas de UTI&nbsp;a\u00fan m\u00e1s de lo que hab\u00edamos hecho el a\u00f1o pasado\u00bb.&nbsp;<\/p>\n\n\n\n<p>Asimismo, se\u00f1al\u00f3 que en el interior bonaerense \u00abla ocupaci\u00f3n est\u00e1 al 54%, y&nbsp;seg\u00fan edad los mayores de 80 cada vez ocupan menos camas, los que est\u00e1n creciendo son los de 50-59 a\u00f1os\u00bb.<br><br>En cuanto a la cantidad de casos, el ministro describi\u00f3 que \u00aben la \u00faltima semana registramos un descenso importante pasando de 11.746 casos a 9.663 casos, una disminuci\u00f3n de 2.083 casos intersemanal en el conjunto provincial\u00bb, concluyendo que \u00abeste&nbsp;descenso equivale al 18%, y en el interior provincial tambi\u00e9n descendi\u00f3 levemente\u00bb.<br><br>Al referirse a los testeos, remarc\u00f3 que \u00abha bajado la demanda de pacientes con sintomatolog\u00eda compatible que ven\u00edan a testearse, ya no hay colas\u00bb, y resalt\u00f3&nbsp;tambi\u00e9n \u00abpositivo que ha seguido bajando la tasa de positividad. Baj\u00f3&nbsp;a un 41,4%, y hay una tendencia a la baja\u00bb, subray\u00f3.&nbsp;<\/p>\n\n\n\n<p>Adem\u00e1s, reiter\u00f3 que&nbsp; desde Provincia \u00abno hacemos testeos al boleo, los que&nbsp;sirven son los testeos epidemiol\u00f3gicamente dirigidos. Esta semana estamos haciendo 79 operativos en diferentes municipios para aportar a un aislamiento r\u00e1pido para que la circulaci\u00f3n del virus se vea menguada\u00bb.<\/p>\n\n\n\n<p>En paralelo, Gollan hizo hincapi\u00e9 en \u00abuna noticia que ha pasado desapercibida y es bastante importante. La semana pasada junto con Roberto Salvarezza, ministro de Ciencia y Tecnolog\u00eda,&nbsp;y junto con Ana Franchi, presidenta del Conicet,&nbsp;presentamos la plataforma de Linfocitos T.\u00bb, describi\u00f3 y reconoci\u00f3 que \u00abArgentina es el \u00fanico pa\u00eds que lo est\u00e1 haciendo en el mundo\u00bb.<br><br>\u00abNosotros venimos midiendo la eficacia de las vacunas con generaci\u00f3n de anticuerpos neutralizantes que produce esa vacunas. La provincia participa en esta plataforma y tambi\u00e9n participa activamente del seguimiento y tenemos estudios propios sobre la cantidad de anticuerpos y sobre la eficacia que tiene una vacuna en t\u00e9rminos de generaci\u00f3n de anticuerpos neutralizantes\u00bb, puntualiz\u00f3 sobre la iniciativa.<\/p>\n\n\n\n<p>Tambi\u00e9n explic\u00f3 que \u00abArgentina es el primer pa\u00eds que ha desarrollado una plataforma para poder medir c\u00f3mo las vacunas nos protegen no s\u00f3lo con los anticuerpos sino con los linfocitos T. por eso es un avance importante que nos va a permitir saber como funciona la segunda l\u00ednea de defensa que es la mediada por c\u00e9lulas y tambi\u00e9n nos va a permitir entender el porque de muchas reinfecciones\u00bb.&nbsp;<\/p>\n\n\n\n<p>Finalmente, manifest\u00f3 que desde la Provincia hay un&nbsp;acompa\u00f1amiento \u00aba los equipos de salud mental. Estar sometidos a tanta presi\u00f3n y con la angustia que genera, por eso&nbsp;hay 120 equipos interdisciplinarios en 60 hospitales provinciales y 7 centros extrahospitalarios 5 UPA&nbsp; cuidando y d\u00e1ndoles contenci\u00f3n en el \u00e1rea de la salud mental al personal que trabaja en el \u00e1rea de la salud\u00bb.&nbsp;<\/p>\n\n\n\n<p>En ese plano detall\u00f3 que \u00abtambi\u00e9n hay un programa de asistencia a los pacientes y los familiares, se han entregado 256 tablets para que est\u00e9n comunicados, hay ingresos de nuevos trabajadores al sistema de salud. acompa\u00f1amiento a la poblaci\u00f3n en general con una l\u00ednea telef\u00f3nica donde hemos realizado ya&nbsp;15.861 atenciones a distancia\u00bb.&nbsp;<\/p>\n\n\n\n<p>Para cerrar, hizo un an\u00e1lisis del escenario de vacunaci\u00f3n en la Provincia: \u00ablogramos&nbsp;3.173.883 de vacunas aplicadas, 2.872.621 corresponder a&nbsp;la primera dosis y 301.262 a&nbsp;la segunda\u00bb, y consign\u00f3 que \u00aben primera dosis, est\u00e1 vacunado el 94,91% del personal de la salud, 87,65% de mayores de 70 a\u00f1os,&nbsp; 89,67% de mayores de 60 a\u00f1os con comorbilidades, y 60 a 69 sin comorbilidades\u00bb.&nbsp;<\/p>\n\n\n\n<p>Fuente: <a href=\"https:\/\/www.latecla.info\/121025-gollan-valoro-el-descenso-de-casos-y-establecio-un-nuev\">La Tecla<\/a><\/p>\n","protected":false},"excerpt":{"rendered":"<p>El ministro de Salud bonaerense habl\u00f3 en conferencia este martes y rescat\u00f3 la importancia de las medidas empleadas para bajar la circulaci\u00f3n del virus. Adem\u00e1s, explic\u00f3 que el indicador de la ocupaci\u00f3n de las camas de terapia intensiva se fijo en un 80% y va a tener una dimensi\u00f3n regional. En el habitual informe de [&hellip;]<\/p>\n","protected":false},"author":4,"featured_media":91951,"comment_status":"open","ping_status":"closed","sticky":false,"template":"","format":"standard","meta":{"om_disable_all_campaigns":false,"_jetpack_memberships_contains_paid_content":false,"footnotes":""},"categories":[621],"tags":[],"class_list":["post-91950","post","type-post","status-publish","format-standard","has-post-thumbnail","hentry","category-regionales"],"aioseo_notices":[],"gutentor_comment":0,"jetpack_featured_media_url":"https:\/\/eldiariodesanpedro.com.ar\/sitio\/wp-content\/uploads\/2021\/05\/127830_3.jpg","jetpack_shortlink":"https:\/\/wp.me\/p6RhLt-nV4","jetpack_sharing_enabled":true,"_links":{"self":[{"href":"https:\/\/eldiariodesanpedro.com.ar\/sitio\/wp-json\/wp\/v2\/posts\/91950","targetHints":{"allow":["GET"]}}],"collection":[{"href":"https:\/\/eldiariodesanpedro.com.ar\/sitio\/wp-json\/wp\/v2\/posts"}],"about":[{"href":"https:\/\/eldiariodesanpedro.com.ar\/sitio\/wp-json\/wp\/v2\/types\/post"}],"author":[{"embeddable":true,"href":"https:\/\/eldiariodesanpedro.com.ar\/sitio\/wp-json\/wp\/v2\/users\/4"}],"replies":[{"embeddable":true,"href":"https:\/\/eldiariodesanpedro.com.ar\/sitio\/wp-json\/wp\/v2\/comments?post=91950"}],"version-history":[{"count":2,"href":"https:\/\/eldiariodesanpedro.com.ar\/sitio\/wp-json\/wp\/v2\/posts\/91950\/revisions"}],"predecessor-version":[{"id":91956,"href":"https:\/\/eldiariodesanpedro.com.ar\/sitio\/wp-json\/wp\/v2\/posts\/91950\/revisions\/91956"}],"wp:featuredmedia":[{"embeddable":true,"href":"https:\/\/eldiariodesanpedro.com.ar\/sitio\/wp-json\/wp\/v2\/media\/91951"}],"wp:attachment":[{"href":"https:\/\/eldiariodesanpedro.com.ar\/sitio\/wp-json\/wp\/v2\/media?parent=91950"}],"wp:term":[{"taxonomy":"category","embeddable":true,"href":"https:\/\/eldiariodesanpedro.com.ar\/sitio\/wp-json\/wp\/v2\/categories?post=91950"},{"taxonomy":"post_tag","embeddable":true,"href":"https:\/\/eldiariodesanpedro.com.ar\/sitio\/wp-json\/wp\/v2\/tags?post=91950"}],"curies":[{"name":"wp","href":"https:\/\/api.w.org\/{rel}","templated":true}]}}