{"id":91941,"date":"2021-05-04T09:53:17","date_gmt":"2021-05-04T12:53:17","guid":{"rendered":"https:\/\/eldiariodesanpedro.com.ar\/sitio\/?p=91941"},"modified":"2021-05-04T09:53:22","modified_gmt":"2021-05-04T12:53:22","slug":"san-pedro-se-cumplieron-7-anos-del-accidente-que-dejo-9-muertos-en-la-ruta-1001","status":"publish","type":"post","link":"https:\/\/eldiariodesanpedro.com.ar\/sitio\/san-pedro-se-cumplieron-7-anos-del-accidente-que-dejo-9-muertos-en-la-ruta-1001\/","title":{"rendered":"San Pedro: Se cumplieron 7 a\u00f1os del accidente que dej\u00f3 9 muertos en la Ruta 1001"},"content":{"rendered":"<!-- VideographyWP Plugin Message: Automatic video embedding prevented by plugin options. -->\n\n<p>Tres veh\u00edculos participaron del brutal choque: Dos autos y una moto. Fallecieron nueve personas, en su mayor\u00eda adolescentes. La colisi\u00f3n se produjo en la Ruta 1001 esta madrugada, a dos kil\u00f3metros de la Ruta 9. Uno de los veh\u00edculos se incendi\u00f3.<\/p>\n\n\n\n<p>El fat\u00eddico hecho ocurri\u00f3 a las 5 de la ma\u00f1ana del 2 de mayo del 2014. Un Fiat Siena con dos parejitas impact\u00f3 de frente contra un Renault 12, que ven\u00eda en sentido contrario, sin luces y remolcando una moto. La mayor\u00eda de los muertos eran adolescentes.&nbsp;<\/p>\n\n\n\n<p>El dolor se apoder\u00f3 del noreste bonaerense. Un solo accidente, nueve muertos. Eran las 5.10 de la madrugada cuando el estallido de un choque frontal rompi\u00f3 el silencio, en la curva m\u00e1s peligrosa de la ruta provincial 1001, en San Pedro, a la altura de R\u00edo Tala.<\/p>\n\n\n\n<p>Quince horas despu\u00e9s, con el regreso de la noche, s\u00f3lo se escuchaba los llantos de la gente en el velatorio de siete de los j\u00f3venes fallecidos en el Concejo Deliberante de Baradero. Otros dos eran velados en San Pedro.<\/p>\n\n\n\n<p>Las causas del accidente anoche no eran claras. La ruta tiene problemas de bacheo, pero no en el curv\u00f3n. En la madrugada tr\u00e1gica la visibilidad era buena. En uno de los autos que particip\u00f3, un Fiat Siena blanco, viajaban dos parejitas amigas. Volv\u00edan a Baradero. Jos\u00e9 Emanuel Rey (18 a\u00f1os, que manejaba), Nahuel Velazco (de 19 a\u00f1os y jugador de f\u00fatbol de la primera divisi\u00f3n de Sportivo Baradero), Evelyn G\u00f3mez (16) y Daniela Ortu\u00f1o D\u00edaz (16). Eran amigos y hab\u00edan ido a bailar a San Pedro, como sol\u00edan hacerlo a menudo. Tres murieron calcinados. Una de las chicas sali\u00f3 despedida y qued\u00f3 tendida por el impacto.<\/p>\n\n\n\n<p>Por la mano contraria, hacia San Pedro, avanzaba un Renault 12 color marr\u00f3n, sin luces. Llevaba atada con una soga una moto, con un ocupante. Al volante del auto estaba Carlos Alfredo P\u00e9rez, de 33 a\u00f1os. De acompa\u00f1ante, otro sampedrino, de 20 a\u00f1os, Brian Canalis, que muri\u00f3 al mediod\u00eda en el Hospital Emilio Ruffa. En el asiento de atr\u00e1s estaban El\u00edas Edelmiro Ledesma (22) y Gerardo Manuel Navarro (18). Arriba de la moto, Diego Fabi\u00e1n Santill\u00e1n (32). Los tres \u00faltimos viv\u00edan en Baradero.<\/p>\n\n\n\n<p>En el asfalto no quedaron marcas de frenos, ni arrastres. Seg\u00fan fuentes del caso, el impacto fue seco, sorpresivo, sin tiempo para maniobras evasivas. Los dos autos, que habr\u00edan impactado punta izquierda con punta izquierda, dieron una vuelta en trompo y se fueron a las banquinas. Terminaron mirando en direcci\u00f3n opuesta a la que se dirig\u00edan. El Siena se prendi\u00f3 fuego. Los bomberos de la zona descartaban que el estado de la ruta, que no es bueno, haya causado el accidente.<\/p>\n\n\n\n<p>Diario Clar\u00edn<\/p>\n","protected":false},"excerpt":{"rendered":"<p>Tres veh\u00edculos participaron del brutal choque: Dos autos y una moto. Fallecieron nueve personas, en su mayor\u00eda adolescentes. La colisi\u00f3n se produjo en la Ruta 1001 esta madrugada, a dos kil\u00f3metros de la Ruta 9. Uno de los veh\u00edculos se incendi\u00f3. El fat\u00eddico hecho ocurri\u00f3 a las 5 de la ma\u00f1ana del 2 de mayo [&hellip;]<\/p>\n","protected":false},"author":4,"featured_media":91942,"comment_status":"open","ping_status":"closed","sticky":false,"template":"","format":"standard","meta":{"om_disable_all_campaigns":false,"_jetpack_memberships_contains_paid_content":false,"footnotes":""},"categories":[50,101,2],"tags":[],"class_list":["post-91941","post","type-post","status-publish","format-standard","has-post-thumbnail","hentry","category-destacadas","category-interes-general-locales","category-locales"],"aioseo_notices":[],"gutentor_comment":0,"jetpack_featured_media_url":"https:\/\/eldiariodesanpedro.com.ar\/sitio\/wp-content\/uploads\/2021\/05\/000091235.jpg","jetpack_shortlink":"https:\/\/wp.me\/p6RhLt-nUV","jetpack_sharing_enabled":true,"_links":{"self":[{"href":"https:\/\/eldiariodesanpedro.com.ar\/sitio\/wp-json\/wp\/v2\/posts\/91941","targetHints":{"allow":["GET"]}}],"collection":[{"href":"https:\/\/eldiariodesanpedro.com.ar\/sitio\/wp-json\/wp\/v2\/posts"}],"about":[{"href":"https:\/\/eldiariodesanpedro.com.ar\/sitio\/wp-json\/wp\/v2\/types\/post"}],"author":[{"embeddable":true,"href":"https:\/\/eldiariodesanpedro.com.ar\/sitio\/wp-json\/wp\/v2\/users\/4"}],"replies":[{"embeddable":true,"href":"https:\/\/eldiariodesanpedro.com.ar\/sitio\/wp-json\/wp\/v2\/comments?post=91941"}],"version-history":[{"count":1,"href":"https:\/\/eldiariodesanpedro.com.ar\/sitio\/wp-json\/wp\/v2\/posts\/91941\/revisions"}],"predecessor-version":[{"id":91943,"href":"https:\/\/eldiariodesanpedro.com.ar\/sitio\/wp-json\/wp\/v2\/posts\/91941\/revisions\/91943"}],"wp:featuredmedia":[{"embeddable":true,"href":"https:\/\/eldiariodesanpedro.com.ar\/sitio\/wp-json\/wp\/v2\/media\/91942"}],"wp:attachment":[{"href":"https:\/\/eldiariodesanpedro.com.ar\/sitio\/wp-json\/wp\/v2\/media?parent=91941"}],"wp:term":[{"taxonomy":"category","embeddable":true,"href":"https:\/\/eldiariodesanpedro.com.ar\/sitio\/wp-json\/wp\/v2\/categories?post=91941"},{"taxonomy":"post_tag","embeddable":true,"href":"https:\/\/eldiariodesanpedro.com.ar\/sitio\/wp-json\/wp\/v2\/tags?post=91941"}],"curies":[{"name":"wp","href":"https:\/\/api.w.org\/{rel}","templated":true}]}}