{"id":91939,"date":"2021-05-04T09:44:48","date_gmt":"2021-05-04T12:44:48","guid":{"rendered":"https:\/\/eldiariodesanpedro.com.ar\/sitio\/?p=91939"},"modified":"2021-05-04T09:44:51","modified_gmt":"2021-05-04T12:44:51","slug":"coronavirus-dos-nuevas-fallecimientos-hector-horacio-bernardotti-de-77-anos-y-pedro-prats-de-49-anos","status":"publish","type":"post","link":"https:\/\/eldiariodesanpedro.com.ar\/sitio\/coronavirus-dos-nuevas-fallecimientos-hector-horacio-bernardotti-de-77-anos-y-pedro-prats-de-49-anos\/","title":{"rendered":"Coronavirus: Dos nuevas fallecimientos, H\u00e9ctor Horacio Bernardotti de 77 a\u00f1os y Pedro Prats de 49 a\u00f1os"},"content":{"rendered":"<!-- VideographyWP Plugin Message: Automatic video embedding prevented by plugin options. -->\n\n<p>En las primeras horas de este martes la Secretaria de Salud realizo el informe de dos fallecimientos de personas que se encontraban internadas con coronavirus.<\/p>\n\n\n\n<p>Se informa el fallecimiento del Sr. H\u00e9ctor Horacio Bernardotti de 77 a\u00f1os, internado con COVID 19 positivo, en sanatorio privado.<\/p>\n\n\n\n<p>Tambi\u00e9n se informa del fallecimiento del Sr. Pedro Prats, de 49 a\u00f1os de edad, internado con COVID 19 positivo, en el Hospital Emilio Ruffa.<\/p>\n\n\n\n<p>Acompa\u00f1amos en este doloroso momento a sus familiares y seres queridos con nuestras condolencias.<\/p>\n","protected":false},"excerpt":{"rendered":"<p>En las primeras horas de este martes la Secretaria de Salud realizo el informe de dos fallecimientos de personas que se encontraban internadas con coronavirus. Se informa el fallecimiento del Sr. H\u00e9ctor Horacio Bernardotti de 77 a\u00f1os, internado con COVID 19 positivo, en sanatorio privado. Tambi\u00e9n se informa del fallecimiento del Sr. Pedro Prats, de [&hellip;]<\/p>\n","protected":false},"author":4,"featured_media":86026,"comment_status":"open","ping_status":"closed","sticky":false,"template":"","format":"standard","meta":{"om_disable_all_campaigns":false,"_jetpack_memberships_contains_paid_content":false,"footnotes":""},"categories":[101,2],"tags":[],"class_list":["post-91939","post","type-post","status-publish","format-standard","has-post-thumbnail","hentry","category-interes-general-locales","category-locales"],"aioseo_notices":[],"gutentor_comment":0,"jetpack_featured_media_url":"https:\/\/eldiariodesanpedro.com.ar\/sitio\/wp-content\/uploads\/2021\/01\/coronavirus-los-numeros-la-nochebuena-y-navidad_658x400.jpg","jetpack_shortlink":"https:\/\/wp.me\/p6RhLt-nUT","jetpack_sharing_enabled":true,"_links":{"self":[{"href":"https:\/\/eldiariodesanpedro.com.ar\/sitio\/wp-json\/wp\/v2\/posts\/91939","targetHints":{"allow":["GET"]}}],"collection":[{"href":"https:\/\/eldiariodesanpedro.com.ar\/sitio\/wp-json\/wp\/v2\/posts"}],"about":[{"href":"https:\/\/eldiariodesanpedro.com.ar\/sitio\/wp-json\/wp\/v2\/types\/post"}],"author":[{"embeddable":true,"href":"https:\/\/eldiariodesanpedro.com.ar\/sitio\/wp-json\/wp\/v2\/users\/4"}],"replies":[{"embeddable":true,"href":"https:\/\/eldiariodesanpedro.com.ar\/sitio\/wp-json\/wp\/v2\/comments?post=91939"}],"version-history":[{"count":1,"href":"https:\/\/eldiariodesanpedro.com.ar\/sitio\/wp-json\/wp\/v2\/posts\/91939\/revisions"}],"predecessor-version":[{"id":91940,"href":"https:\/\/eldiariodesanpedro.com.ar\/sitio\/wp-json\/wp\/v2\/posts\/91939\/revisions\/91940"}],"wp:featuredmedia":[{"embeddable":true,"href":"https:\/\/eldiariodesanpedro.com.ar\/sitio\/wp-json\/wp\/v2\/media\/86026"}],"wp:attachment":[{"href":"https:\/\/eldiariodesanpedro.com.ar\/sitio\/wp-json\/wp\/v2\/media?parent=91939"}],"wp:term":[{"taxonomy":"category","embeddable":true,"href":"https:\/\/eldiariodesanpedro.com.ar\/sitio\/wp-json\/wp\/v2\/categories?post=91939"},{"taxonomy":"post_tag","embeddable":true,"href":"https:\/\/eldiariodesanpedro.com.ar\/sitio\/wp-json\/wp\/v2\/tags?post=91939"}],"curies":[{"name":"wp","href":"https:\/\/api.w.org\/{rel}","templated":true}]}}